{"id":50666,"date":"2010-01-26T05:33:43","date_gmt":"2010-01-26T04:33:43","guid":{"rendered":"http:\/\/www.schoene-nachrichten.de\/?p=50666"},"modified":"2010-01-26T08:03:56","modified_gmt":"2010-01-26T07:03:56","slug":"fastenwoche-im-hotel-hubertus","status":"publish","type":"post","link":"https:\/\/www.fuldaernachrichten.de\/?p=50666","title":{"rendered":"Fastenwoche im Hotel Hubertus"},"content":{"rendered":"<p><strong>Unterelsbach. <\/strong>Zu einer Fastenwoche (Buchinger) l\u00e4dt das Biosph\u00e4renreservat Rh\u00f6n unter Leitung von \u00e2\u20ac\u00a8Barbara Sch\u00fctz vom 14. -21. Februar 2010 in das Hotel Hubertus nach Unterelsbach ein. Infos und Kosten erfahren Sie unter Tel. 06657 \u2013 919400 oder <a href=\"http:\/\/www.fasten-wellness.de\" target=\"_blank\">www.fasten-wellness.de<\/a>.<\/p>\n","protected":false},"excerpt":{"rendered":"<div class=\"tmnf_excerpt\"><p>Unterelsbach. Zu einer Fastenwoche (Buchinger) l\u00e4dt das Biosph\u00e4renreservat Rh\u00f6n unter Leitung von \u00e2\u20ac\u00a8Barbara Sch\u00fctz vom 14. -21. Februar 2010 in das Hotel Hubertus nach Unterelsbach ein. Infos und Kosten erfahren Sie unter Tel. 06657 \u2013 919400 oder www.fasten-wellness.de.<\/p>\n<\/div>","protected":false},"author":1,"featured_media":0,"comment_status":"closed","ping_status":"closed","sticky":false,"template":"","format":"standard","meta":{"footnotes":""},"categories":[1,37,50,44],"tags":[],"class_list":["post-50666","post","type-post","status-publish","format-standard","hentry","category-startseite","category-essen-und-trinken","category-kirche","category-kultur"],"_links":{"self":[{"href":"https:\/\/www.fuldaernachrichten.de\/index.php?rest_route=\/wp\/v2\/posts\/50666","targetHints":{"allow":["GET"]}}],"collection":[{"href":"https:\/\/www.fuldaernachrichten.de\/index.php?rest_route=\/wp\/v2\/posts"}],"about":[{"href":"https:\/\/www.fuldaernachrichten.de\/index.php?rest_route=\/wp\/v2\/types\/post"}],"author":[{"embeddable":true,"href":"https:\/\/www.fuldaernachrichten.de\/index.php?rest_route=\/wp\/v2\/users\/1"}],"replies":[{"embeddable":true,"href":"https:\/\/www.fuldaernachrichten.de\/index.php?rest_route=%2Fwp%2Fv2%2Fcomments&post=50666"}],"version-history":[{"count":3,"href":"https:\/\/www.fuldaernachrichten.de\/index.php?rest_route=\/wp\/v2\/posts\/50666\/revisions"}],"predecessor-version":[{"id":50693,"href":"https:\/\/www.fuldaernachrichten.de\/index.php?rest_route=\/wp\/v2\/posts\/50666\/revisions\/50693"}],"wp:attachment":[{"href":"https:\/\/www.fuldaernachrichten.de\/index.php?rest_route=%2Fwp%2Fv2%2Fmedia&parent=50666"}],"wp:term":[{"taxonomy":"category","embeddable":true,"href":"https:\/\/www.fuldaernachrichten.de\/index.php?rest_route=%2Fwp%2Fv2%2Fcategories&post=50666"},{"taxonomy":"post_tag","embeddable":true,"href":"https:\/\/www.fuldaernachrichten.de\/index.php?rest_route=%2Fwp%2Fv2%2Ftags&post=50666"}],"curies":[{"name":"wp","href":"https:\/\/api.w.org\/{rel}","templated":true}]}}