{"id":50654,"date":"2010-01-26T05:44:17","date_gmt":"2010-01-26T04:44:17","guid":{"rendered":"http:\/\/www.schoene-nachrichten.de\/?p=50654"},"modified":"2010-01-26T08:04:37","modified_gmt":"2010-01-26T07:04:37","slug":"fortbildungsveranstaltung-operationskurs-fuer-endonasale-chirurgie-der-nase-und-der-nasennebenhoehlen","status":"publish","type":"post","link":"https:\/\/www.fuldaernachrichten.de\/?p=50654","title":{"rendered":"Fortbildungsveranstaltung: Operationskurs f\u00fcr endonasale Chirurgie der Nase und der Nasennebenh\u00f6hlen"},"content":{"rendered":"<p><strong>Fulda.<\/strong> Vom 03.-05. Februar 2010 findet in diesem Jahr wieder der Operationskurs f\u00fcr endonasale Chirurgie der Nase und der Nasennebenh\u00f6hlen an der Klinik f\u00fcr Hals-Nasen-Ohrenkrankheiten, Kopf-, Hals- und Plastische Gesichtschirurgie, Kommunikations-st\u00f6rungen statt. <!--more--><\/p>\n<p><strong>Wissensvermittlung f\u00fcr Fachpublikum<\/strong><\/p>\n<p>Es handelt sich diesmal um den 25. Operationskurs in Folge. Er wird unter der Leitung von Prof. Dr. med. Konrad Schwager, Direktor der HNO-Klinik, abgehalten. Die langj\u00e4hrige Tradition der Fuldaer HNO-Klinik auf dem Gebiet der Nasen- und Nasennebenh\u00f6hlenchirurgie mit Mikroskop und Endoskop durch das Nasenloch, ohne \u00e4u\u00dfere Schnittf\u00fchrung, wird einem nationalen und internationalen Fach-Publikum weitervermittelt.<\/p>\n<p><strong>Live Erlebnis<\/strong><\/p>\n<p>Im Mittelpunkt stehen sichere Techniken f\u00fcr die Probleme entz\u00fcndlicher Nasennebenh\u00f6hlenerkrankungen. Aber auch die Begegnung von Komplikationen w\u00e4hrend der Operation und die Behandlung au\u00dfergew\u00f6hnlicher Befunde sind wichtige Themen. Die seit vielen Jahren bestehende Verbindung zur Grazer Schule, die wesentlich die Nasennebenh\u00f6hlenchirurgie mitgepr\u00e4gt hat, soll auch wie bisher im Rahmen des Kurses vertieft werden. Die Kursteilnehmer haben die M\u00f6glichkeit via Live-\u00dcbertragung aus dem Operationssaal die Eingriffe \u201ehautnah\u201c mitzuerleben. Eine Vielzahl klinisch-wissenschaftlicher Vortr\u00e4ge anerkannter in- und ausl\u00e4ndischer Referenten findet ebenso statt wie eingehende Studien am anatomischen Pr\u00e4parat.<\/p>\n<p>Der kulturelle H\u00f6hepunkt au\u00dferhalb des Arbeitskurses ist der Empfang durch Oberb\u00fcrgermeister Gerhard M\u00f6ller mit anschlie\u00dfender F\u00fchrung durch das Stadtschloss.<\/p>\n","protected":false},"excerpt":{"rendered":"<div class=\"tmnf_excerpt\"><p>Fulda. Vom 03.-05. Februar 2010 findet in diesem Jahr wieder der Operationskurs f\u00fcr endonasale Chirurgie der Nase und der Nasennebenh\u00f6hlen an der Klinik f\u00fcr Hals-Nasen-Ohrenkrankheiten, Kopf-, Hals- und Plastische Gesichtschirurgie, Kommunikations-st\u00f6rungen statt.<\/p>\n<\/div>","protected":false},"author":1,"featured_media":0,"comment_status":"closed","ping_status":"closed","sticky":false,"template":"","format":"standard","meta":{"footnotes":""},"categories":[1,53,51,29,48],"tags":[],"class_list":["post-50654","post","type-post","status-publish","format-standard","hentry","category-startseite","category-bildung","category-medizin","category-politik","category-forschung"],"_links":{"self":[{"href":"https:\/\/www.fuldaernachrichten.de\/index.php?rest_route=\/wp\/v2\/posts\/50654","targetHints":{"allow":["GET"]}}],"collection":[{"href":"https:\/\/www.fuldaernachrichten.de\/index.php?rest_route=\/wp\/v2\/posts"}],"about":[{"href":"https:\/\/www.fuldaernachrichten.de\/index.php?rest_route=\/wp\/v2\/types\/post"}],"author":[{"embeddable":true,"href":"https:\/\/www.fuldaernachrichten.de\/index.php?rest_route=\/wp\/v2\/users\/1"}],"replies":[{"embeddable":true,"href":"https:\/\/www.fuldaernachrichten.de\/index.php?rest_route=%2Fwp%2Fv2%2Fcomments&post=50654"}],"version-history":[{"count":3,"href":"https:\/\/www.fuldaernachrichten.de\/index.php?rest_route=\/wp\/v2\/posts\/50654\/revisions"}],"predecessor-version":[{"id":50694,"href":"https:\/\/www.fuldaernachrichten.de\/index.php?rest_route=\/wp\/v2\/posts\/50654\/revisions\/50694"}],"wp:attachment":[{"href":"https:\/\/www.fuldaernachrichten.de\/index.php?rest_route=%2Fwp%2Fv2%2Fmedia&parent=50654"}],"wp:term":[{"taxonomy":"category","embeddable":true,"href":"https:\/\/www.fuldaernachrichten.de\/index.php?rest_route=%2Fwp%2Fv2%2Fcategories&post=50654"},{"taxonomy":"post_tag","embeddable":true,"href":"https:\/\/www.fuldaernachrichten.de\/index.php?rest_route=%2Fwp%2Fv2%2Ftags&post=50654"}],"curies":[{"name":"wp","href":"https:\/\/api.w.org\/{rel}","templated":true}]}}