{"id":50603,"date":"2010-01-26T05:00:08","date_gmt":"2010-01-26T04:00:08","guid":{"rendered":"http:\/\/www.schoene-nachrichten.de\/?p=50603"},"modified":"2010-01-26T08:09:22","modified_gmt":"2010-01-26T07:09:22","slug":"ueberwaeltigende-resonanz-auf-reisefieber-2010","status":"publish","type":"post","link":"https:\/\/www.fuldaernachrichten.de\/?p=50603","title":{"rendered":"\u00dcberw\u00e4ltigende Resonanz auf \u201eReisefieber 2010\u201c"},"content":{"rendered":"<p><a href=\"http:\/\/www.schoene-nachrichten.de\/wp-content\/uploads\/2010\/01\/100126_Reisemesse3.jpg\"><img fetchpriority=\"high\" decoding=\"async\" class=\"alignnone size-medium wp-image-50606\" title=\"100126_Reisemesse3\" src=\"http:\/\/www.schoene-nachrichten.de\/wp-content\/uploads\/2010\/01\/100126_Reisemesse3-265x397.jpg\" alt=\"100126_Reisemesse3\" hspace=\"5\" width=\"265\" height=\"397\" align=\"left\" srcset=\"https:\/\/www.fuldaernachrichten.de\/wp-content\/uploads\/2010\/01\/100126_Reisemesse3-265x397.jpg 265w, https:\/\/www.fuldaernachrichten.de\/wp-content\/uploads\/2010\/01\/100126_Reisemesse3.jpg 400w\" sizes=\"(max-width: 265px) 100vw, 265px\" \/><\/a><strong>Flieden. <\/strong>Zum vierten Mal richtete das Reiseb\u00fcro Happ am gestrigen Sonntag mit verschiedenen Partnern die hauseigene Reisemesse \u201eReisefieber 2010\u201c aus. Bereits mit \u00d6ffnen der Pforten gegen 11 Uhr str\u00f6mten die Besucher in die Fliedener TV-Turnhalle, bis zum Abend wurden mehr als 2000 Besucher gez\u00e4hlt. Die Nummernschilder der parkenden Autos zeigten dabei von Frankfurt \u00fcber den Vogelsberg bis Hersfeld und Erfurt den Radius an, aus dem die Besucher angereist kamen.<!--more--><\/p>\n<p>\u201eEine kompakte \u00dcbersicht \u00fcber bew\u00e4hrte und auserlesene Reiseziele\u201c wollte das Reiseb\u00fcro Happ bieten, dazu interessante Anregungen f\u00fcr den Urlaub 2010 geben, erkl\u00e4rte Winfried Happ und zeigte sich von der Resonanz auf die hauseigene Messe, die nun zum vierten Mal stattfand, begeistert. \u201eDie Reiselust ist auch in diesem Jahr ungebrochen\u201c, befand Happ, \u201edie Menschen sehnen sich einfach nach kleinen Auszeiten vom Alltag.\u201c Gleichwohl k\u00f6nne man etwas Zur\u00fcckhaltung erkennen: Reisen w\u00fcrden beispielsweise kurzfristiger geplant und schlie\u00dflich auch gebucht, die Reiseziele und -dauer sei nat\u00fcrlich abh\u00e4ngig davon, was die Menschen sich leisten wollen und k\u00f6nnen.<\/p>\n<p><a href=\"http:\/\/www.schoene-nachrichten.de\/wp-content\/uploads\/2010\/01\/100126_Reisemesse1.jpg\"><img decoding=\"async\" class=\"alignnone size-medium wp-image-50604\" title=\"100126_Reisemesse1\" src=\"http:\/\/www.schoene-nachrichten.de\/wp-content\/uploads\/2010\/01\/100126_Reisemesse1-265x176.jpg\" alt=\"100126_Reisemesse1\" width=\"265\" height=\"176\" srcset=\"https:\/\/www.fuldaernachrichten.de\/wp-content\/uploads\/2010\/01\/100126_Reisemesse1-265x176.jpg 265w, https:\/\/www.fuldaernachrichten.de\/wp-content\/uploads\/2010\/01\/100126_Reisemesse1.jpg 600w\" sizes=\"(max-width: 265px) 100vw, 265px\" \/><\/a> <a href=\"http:\/\/www.schoene-nachrichten.de\/wp-content\/uploads\/2010\/01\/100126_Reisemesse2.jpg\"><img decoding=\"async\" class=\"alignnone size-medium wp-image-50605\" title=\"100126_Reisemesse2\" src=\"http:\/\/www.schoene-nachrichten.de\/wp-content\/uploads\/2010\/01\/100126_Reisemesse2-265x176.jpg\" alt=\"100126_Reisemesse2\" width=\"265\" height=\"176\" srcset=\"https:\/\/www.fuldaernachrichten.de\/wp-content\/uploads\/2010\/01\/100126_Reisemesse2-265x176.jpg 265w, https:\/\/www.fuldaernachrichten.de\/wp-content\/uploads\/2010\/01\/100126_Reisemesse2.jpg 600w\" sizes=\"(max-width: 265px) 100vw, 265px\" \/><\/a><\/p>\n<p>\u201eDarauf muss man nat\u00fcrlich auch als Reiseb\u00fcro reagieren, entsprechende Vorschl\u00e4ge bereithalten und nat\u00fcrlich auch f\u00fcr Kurzentschlossene noch Kontingente freihaben\u201c, skizzierte Winfried Happ die heutigen Anforderungen an Reiseb\u00fcros und -veranstalter. Als Veranstalter seiner eigenen Reisen tritt das Reiseb\u00fcro mit Stammsitz in Flieden und Filialen in Schl\u00fcchtern, Fulda, Eichenzell und H\u00fcnfeld \u00fcbrigens immer h\u00e4ufiger auf: Den Bereich Busreisen hat Happ durch die Investition in einen eigenen Vier-Sterne-Reisebus bereits ausgebaut. Gerade auch St\u00e4dtereisen per Bus in europ\u00e4ische Metropolen bildeten einen Schwerpunkt der jetzigen Reisemesse.<\/p>\n<p><a href=\"http:\/\/www.schoene-nachrichten.de\/wp-content\/uploads\/2010\/01\/100126_Reisemesse4.jpg\"><img loading=\"lazy\" decoding=\"async\" class=\"alignnone size-medium wp-image-50607\" title=\"100126_Reisemesse4\" src=\"http:\/\/www.schoene-nachrichten.de\/wp-content\/uploads\/2010\/01\/100126_Reisemesse4-265x176.jpg\" alt=\"100126_Reisemesse4\" width=\"265\" height=\"176\" srcset=\"https:\/\/www.fuldaernachrichten.de\/wp-content\/uploads\/2010\/01\/100126_Reisemesse4-265x176.jpg 265w, https:\/\/www.fuldaernachrichten.de\/wp-content\/uploads\/2010\/01\/100126_Reisemesse4.jpg 600w\" sizes=\"(max-width: 265px) 100vw, 265px\" \/><\/a> <a href=\"http:\/\/www.schoene-nachrichten.de\/wp-content\/uploads\/2010\/01\/100126_Reisemesse5.jpg\"><img loading=\"lazy\" decoding=\"async\" class=\"alignnone size-medium wp-image-50608\" title=\"100126_Reisemesse5\" src=\"http:\/\/www.schoene-nachrichten.de\/wp-content\/uploads\/2010\/01\/100126_Reisemesse5-265x176.jpg\" alt=\"100126_Reisemesse5\" width=\"265\" height=\"176\" srcset=\"https:\/\/www.fuldaernachrichten.de\/wp-content\/uploads\/2010\/01\/100126_Reisemesse5-265x176.jpg 265w, https:\/\/www.fuldaernachrichten.de\/wp-content\/uploads\/2010\/01\/100126_Reisemesse5.jpg 600w\" sizes=\"(max-width: 265px) 100vw, 265px\" \/><\/a><\/p>\n<p>Ob Wellness- oder Studienreisen, in die verschneiten Wintersportgebiete oder ins warme S\u00fcdeuropa, hier seien stets top-aktuelle Reiseziele zur Auswahl. \u201eUnd das zu einem exzellenten Preis-Leistungsverh\u00e4ltnis. Das ist unsere St\u00e4rke\u201c, stellte Winfried Happ heraus. Von der Qualit\u00e4t der Reiseleiter konnte man sich im Rahmen der Messe \u201eReisefieber 2010\u201c \u00fcbrigens schon in der Heimat \u00fcberzeugen: Den ganzen Tag \u00fcber referierten erfahrene Reiseleiter \u00fcber begehrte Reiseziele wie New York, Paris oder Dubai. Auch der hauseigene Katalog \u201e\u00e2\u20ac\u00a6 reisen, nur besser!\u201c wurde neu aufgelegt: Hier ist das gesamte Portfolio des Reiseb\u00fcros \u2013 von der Tagesreise bis zur mehrw\u00f6chigen Kreuzfahrt \u2013 kompakt zusammengefasst und konnte so von den Messebesuchern mit nach Hause genommen werden.<\/p>\n<p><a href=\"http:\/\/www.schoene-nachrichten.de\/wp-content\/uploads\/2010\/01\/100126_Reisemesse6.jpg\"><img loading=\"lazy\" decoding=\"async\" class=\"alignnone size-medium wp-image-50609\" title=\"100126_Reisemesse6\" src=\"http:\/\/www.schoene-nachrichten.de\/wp-content\/uploads\/2010\/01\/100126_Reisemesse6-265x176.jpg\" alt=\"100126_Reisemesse6\" width=\"265\" height=\"176\" srcset=\"https:\/\/www.fuldaernachrichten.de\/wp-content\/uploads\/2010\/01\/100126_Reisemesse6-265x176.jpg 265w, https:\/\/www.fuldaernachrichten.de\/wp-content\/uploads\/2010\/01\/100126_Reisemesse6.jpg 600w\" sizes=\"(max-width: 265px) 100vw, 265px\" \/><\/a> <a href=\"http:\/\/www.schoene-nachrichten.de\/wp-content\/uploads\/2010\/01\/100126_Reisemesse7.jpg\"><img loading=\"lazy\" decoding=\"async\" class=\"alignnone size-medium wp-image-50610\" title=\"100126_Reisemesse7\" src=\"http:\/\/www.schoene-nachrichten.de\/wp-content\/uploads\/2010\/01\/100126_Reisemesse7-265x176.jpg\" alt=\"100126_Reisemesse7\" width=\"265\" height=\"176\" srcset=\"https:\/\/www.fuldaernachrichten.de\/wp-content\/uploads\/2010\/01\/100126_Reisemesse7-265x176.jpg 265w, https:\/\/www.fuldaernachrichten.de\/wp-content\/uploads\/2010\/01\/100126_Reisemesse7.jpg 600w\" sizes=\"(max-width: 265px) 100vw, 265px\" \/><\/a><\/p>\n<p>Wer es am Sonntag nicht nach Flieden geschafft hat, kann den Katalog auch in den Filialen des Reiseb\u00fcros Happ erhalten, oder schnell und einfach im Internet bestellen: <a href=\"http:\/\/www.reisebuero-happ.de\">www.reisebuero-happ.de<\/a>.<\/p>\n<p>Im Rahmen der Reisemesse wurden \u00fcbrigens 1548 Tombolalose verkauft. Der Erl\u00f6s in H\u00f6he von einem Euro je Los  geht an die Erdbebenopfer in Haiti.<\/p>\n","protected":false},"excerpt":{"rendered":"<div class=\"tmnf_excerpt\"><p>Flieden. Zum vierten Mal richtete das Reiseb\u00fcro Happ am gestrigen Sonntag mit verschiedenen Partnern die hauseigene Reisemesse \u201eReisefieber 2010\u201c aus. Bereits mit \u00d6ffnen der Pforten gegen 11 Uhr str\u00f6mten die Besucher in die Fliedener TV-Turnhalle, bis zum Abend wurden mehr als 2000 Besucher gez\u00e4hlt. Die Nummernschilder der parkenden Autos zeigten dabei von Frankfurt \u00fcber den &hellip;<\/p>\n<\/div>","protected":false},"author":1,"featured_media":0,"comment_status":"closed","ping_status":"closed","sticky":false,"template":"","format":"standard","meta":{"footnotes":""},"categories":[1,52],"tags":[],"class_list":["post-50603","post","type-post","status-publish","format-standard","hentry","category-startseite","category-umwelt"],"_links":{"self":[{"href":"https:\/\/www.fuldaernachrichten.de\/index.php?rest_route=\/wp\/v2\/posts\/50603","targetHints":{"allow":["GET"]}}],"collection":[{"href":"https:\/\/www.fuldaernachrichten.de\/index.php?rest_route=\/wp\/v2\/posts"}],"about":[{"href":"https:\/\/www.fuldaernachrichten.de\/index.php?rest_route=\/wp\/v2\/types\/post"}],"author":[{"embeddable":true,"href":"https:\/\/www.fuldaernachrichten.de\/index.php?rest_route=\/wp\/v2\/users\/1"}],"replies":[{"embeddable":true,"href":"https:\/\/www.fuldaernachrichten.de\/index.php?rest_route=%2Fwp%2Fv2%2Fcomments&post=50603"}],"version-history":[{"count":3,"href":"https:\/\/www.fuldaernachrichten.de\/index.php?rest_route=\/wp\/v2\/posts\/50603\/revisions"}],"predecessor-version":[{"id":50701,"href":"https:\/\/www.fuldaernachrichten.de\/index.php?rest_route=\/wp\/v2\/posts\/50603\/revisions\/50701"}],"wp:attachment":[{"href":"https:\/\/www.fuldaernachrichten.de\/index.php?rest_route=%2Fwp%2Fv2%2Fmedia&parent=50603"}],"wp:term":[{"taxonomy":"category","embeddable":true,"href":"https:\/\/www.fuldaernachrichten.de\/index.php?rest_route=%2Fwp%2Fv2%2Fcategories&post=50603"},{"taxonomy":"post_tag","embeddable":true,"href":"https:\/\/www.fuldaernachrichten.de\/index.php?rest_route=%2Fwp%2Fv2%2Ftags&post=50603"}],"curies":[{"name":"wp","href":"https:\/\/api.w.org\/{rel}","templated":true}]}}