{"id":50572,"date":"2010-01-25T05:33:15","date_gmt":"2010-01-25T04:33:15","guid":{"rendered":"http:\/\/www.schoene-nachrichten.de\/?p=50572"},"modified":"2010-01-25T08:33:53","modified_gmt":"2010-01-25T07:33:53","slug":"junge-liberale-gegen-fruehere-sperrstunde-rettet-das-fuldaer-nachtleben","status":"publish","type":"post","link":"https:\/\/www.fuldaernachrichten.de\/?p=50572","title":{"rendered":"Junge Liberale gegen fr\u00fchere Sperrstunde: \u201eRettet das Fuldaer Nachtleben!\u201c"},"content":{"rendered":"<p><a href=\"http:\/\/www.schoene-nachrichten.de\/wp-content\/uploads\/2010\/01\/100125_Matthies.jpg\"><img fetchpriority=\"high\" decoding=\"async\" class=\"alignnone size-medium wp-image-50574\" title=\"100125_Matthies\" src=\"http:\/\/www.schoene-nachrichten.de\/wp-content\/uploads\/2010\/01\/100125_Matthies-265x384.jpg\" alt=\"100125_Matthies\" hspace=\"5\" width=\"265\" height=\"384\" align=\"left\" srcset=\"https:\/\/www.fuldaernachrichten.de\/wp-content\/uploads\/2010\/01\/100125_Matthies-265x384.jpg 265w, https:\/\/www.fuldaernachrichten.de\/wp-content\/uploads\/2010\/01\/100125_Matthies.jpg 413w\" sizes=\"(max-width: 265px) 100vw, 265px\" \/><\/a><strong>Fulda.<\/strong> Die Jungen Liberalen (JuLis) Fulda lehnen die Vorverlegung der Sperrstunde zur Bek\u00e4mpfung von gewaltt\u00e4tigen Auseinandersetzungen ab. Dies hatte der Fuldaer Polizeidirektor Lothar Wiese  im Rahmen der Vorstellung der Kriminalstatistik vorgeschlagen. Bereits zuvor hatte B\u00fcrgermeister Dr. Dippel als zust\u00e4ndiger Ordnungsdezernent der Stadt Fulda eine \u00dcberpr\u00fcfung der geltenden Sperrstundenregelung mehrfach ins Gespr\u00e4ch gebracht.<!--more--><\/p>\n<p>\u201eMan darf nicht alle Leute in einen Topf werfen\u201c, sagt der Kreisvorsitzende der FDP-Nachwuchsorganisation Mark Matthies (23). Die allermeisten Leute seien friedlich und w\u00fcrden durch die Einf\u00fchrung einer fr\u00fchen Sperrstunde bestraft. B\u00fcrgermeister Dr. Wolfang Dippel doktere auf diese Weise nur an den Symptomen herum \u2013 zu Lasten der Lebensqualit\u00e4t.<\/p>\n<p>\u201eDie Stadt versucht auf Kosten der Besitzer von Lokalen und Diskotheken ein gesellschaftliches Problem zu l\u00f6sen.\u201c K\u00fcrzere \u00d6ffnungszeiten k\u00f6nnten aus Sicht der JuLis f\u00fcr manchen Betreiber den Todessto\u00df bedeuten. \u201eDabei denken wir auch an die vielen Vereine, die auf die Einnahmen aus der Organisation von Feierlichkeiten angewiesen sind, um ihr Vereinsleben zu finanzieren\u201c, so Matthies.<\/p>\n<p>\u201eDas Gewalt-Problem l\u00e4sst sich durch eine fr\u00fchere Sperrstunde nicht l\u00f6sen\u201c, sagt Matthies, der auch stellvertretender Landesvorsitzender der Jungen Liberalen Hessen ist. Vielmehr w\u00fcrde eine Vorverlegung die Situation noch versch\u00e4rfen: \u201eWenn viele Besucher zu bestimmten Zeiten gleichzeitig auf die Stra\u00dfe str\u00f6men, ist das kontraproduktiv: das Konfliktpotential und der L\u00e4rmpegel einer gro\u00dfen Menschenmenge erh\u00f6hen sich merklich \u201c, folgert Matthies. Verk\u00fcrzte \u00d6ffnungszeiten k\u00f6nnten manche Jugendliche au\u00dferdem eher animieren vor allem kurz vor Ausschankstopp noch schneller Alkohol zu trinken, was nicht im Sinne der \u00d6ffentlichkeit sein kann.<\/p>\n<p>Die Jungen Liberalen Fulda fordern deshalb einen Verzicht auf eine fr\u00fchere Sperrstunde. Die Freiheit der B\u00fcrger d\u00fcrfe nicht aufgrund des Fehlverhaltens einiger weniger eingeschr\u00e4nkt werden, zumal die Ma\u00dfnahme das Problem nicht l\u00f6sen w\u00fcrde. Verlierer w\u00e4re die gesamte Fuldaer Innenstadt. Gastst\u00e4tten und Kneipen w\u00fcrden bei k\u00fcrzeren \u00d6ffnungszeiten Besucher verlieren.<\/p>\n<p>Wenn man weniger Vandalismus und Gewaltdelikte wolle, m\u00fcsse die Polizeipr\u00e4senz an den betroffenen Stellen wie dem Funpark kurzfristig erh\u00f6ht werden. Dies sei eine wesentlich effektivere und verh\u00e4ltnism\u00e4\u00dfigere Ma\u00dfnahme, so die JuLis. Gegebenenfalls m\u00fcsste auch der Veranstalter st\u00e4rker mit eigenen Ordnungskr\u00e4ften vor Ort sein. \u201eFuldas Innenstadt muss tags und nachts gleicherma\u00dfen leben\u201c, schlie\u00dft Matthies und betont, dass die JuLis Fulda sich in Zukunft verst\u00e4rkt f\u00fcr die \u201eRettung des Fuldaer Nachtlebens\u201c einsetzen werden.<\/p>\n","protected":false},"excerpt":{"rendered":"<div class=\"tmnf_excerpt\"><p>Fulda. Die Jungen Liberalen (JuLis) Fulda lehnen die Vorverlegung der Sperrstunde zur Bek\u00e4mpfung von gewaltt\u00e4tigen Auseinandersetzungen ab. Dies hatte der Fuldaer Polizeidirektor Lothar Wiese im Rahmen der Vorstellung der Kriminalstatistik vorgeschlagen. Bereits zuvor hatte B\u00fcrgermeister Dr. Dippel als zust\u00e4ndiger Ordnungsdezernent der Stadt Fulda eine \u00dcberpr\u00fcfung der geltenden Sperrstundenregelung mehrfach ins Gespr\u00e4ch gebracht.<\/p>\n<\/div>","protected":false},"author":1,"featured_media":0,"comment_status":"closed","ping_status":"closed","sticky":false,"template":"","format":"standard","meta":{"footnotes":""},"categories":[1,29],"tags":[],"class_list":["post-50572","post","type-post","status-publish","format-standard","hentry","category-startseite","category-politik"],"_links":{"self":[{"href":"https:\/\/www.fuldaernachrichten.de\/index.php?rest_route=\/wp\/v2\/posts\/50572","targetHints":{"allow":["GET"]}}],"collection":[{"href":"https:\/\/www.fuldaernachrichten.de\/index.php?rest_route=\/wp\/v2\/posts"}],"about":[{"href":"https:\/\/www.fuldaernachrichten.de\/index.php?rest_route=\/wp\/v2\/types\/post"}],"author":[{"embeddable":true,"href":"https:\/\/www.fuldaernachrichten.de\/index.php?rest_route=\/wp\/v2\/users\/1"}],"replies":[{"embeddable":true,"href":"https:\/\/www.fuldaernachrichten.de\/index.php?rest_route=%2Fwp%2Fv2%2Fcomments&post=50572"}],"version-history":[{"count":4,"href":"https:\/\/www.fuldaernachrichten.de\/index.php?rest_route=\/wp\/v2\/posts\/50572\/revisions"}],"predecessor-version":[{"id":50592,"href":"https:\/\/www.fuldaernachrichten.de\/index.php?rest_route=\/wp\/v2\/posts\/50572\/revisions\/50592"}],"wp:attachment":[{"href":"https:\/\/www.fuldaernachrichten.de\/index.php?rest_route=%2Fwp%2Fv2%2Fmedia&parent=50572"}],"wp:term":[{"taxonomy":"category","embeddable":true,"href":"https:\/\/www.fuldaernachrichten.de\/index.php?rest_route=%2Fwp%2Fv2%2Fcategories&post=50572"},{"taxonomy":"post_tag","embeddable":true,"href":"https:\/\/www.fuldaernachrichten.de\/index.php?rest_route=%2Fwp%2Fv2%2Ftags&post=50572"}],"curies":[{"name":"wp","href":"https:\/\/api.w.org\/{rel}","templated":true}]}}