{"id":50557,"date":"2010-01-25T07:00:28","date_gmt":"2010-01-25T06:00:28","guid":{"rendered":"http:\/\/www.schoene-nachrichten.de\/?p=50557"},"modified":"2010-01-25T08:32:56","modified_gmt":"2010-01-25T07:32:56","slug":"music-and-more-im-jubilaeumsjahr-der-tonica","status":"publish","type":"post","link":"https:\/\/www.fuldaernachrichten.de\/?p=50557","title":{"rendered":"\u201cMusic and more\u00e2\u20ac\u009d im Jubil\u00e4umsjahr der Tonica"},"content":{"rendered":"<p><strong>Mackenzell.<\/strong> Der Bl\u00e4serchor Tonica Mackenzell nutzte die diesj\u00e4hrige Jahreshauptversammlung als Auftakt in ein doppeltes Jubil\u00e4umsjahr: 75 Jahre Blasmusik in Mackenzell und 40 Jahre Tonica feiert der Verein in diesem Jahr. Um diese beiden Anl\u00e4sse geb\u00fchrend zu w\u00fcrdigen, haben sich die Musikerinnen und Musiker ein ordentliches Programm vorgenommen. Auf die geplanten Aktivit\u00e4ten wurden die Vereinsmitglieder im Rahmen der Sitzung eingestimmt.<\/p>\n<p><a href=\"http:\/\/www.schoene-nachrichten.de\/wp-content\/uploads\/2010\/01\/100125_Tonica11.jpg\"><img fetchpriority=\"high\" decoding=\"async\" class=\"alignnone size-medium wp-image-50563\" title=\"100125_Tonica1\" src=\"http:\/\/www.schoene-nachrichten.de\/wp-content\/uploads\/2010\/01\/100125_Tonica11-265x198.jpg\" alt=\"100125_Tonica1\" width=\"265\" height=\"198\" srcset=\"https:\/\/www.fuldaernachrichten.de\/wp-content\/uploads\/2010\/01\/100125_Tonica11-265x198.jpg 265w, https:\/\/www.fuldaernachrichten.de\/wp-content\/uploads\/2010\/01\/100125_Tonica11.jpg 600w\" sizes=\"(max-width: 265px) 100vw, 265px\" \/><\/a> <a href=\"http:\/\/www.schoene-nachrichten.de\/wp-content\/uploads\/2010\/01\/100125_Tonica2.jpg\"><img decoding=\"async\" class=\"alignnone size-medium wp-image-50564\" title=\"100125_Tonica2\" src=\"http:\/\/www.schoene-nachrichten.de\/wp-content\/uploads\/2010\/01\/100125_Tonica2-265x191.jpg\" alt=\"100125_Tonica2\" width=\"265\" height=\"191\" srcset=\"https:\/\/www.fuldaernachrichten.de\/wp-content\/uploads\/2010\/01\/100125_Tonica2-265x191.jpg 265w, https:\/\/www.fuldaernachrichten.de\/wp-content\/uploads\/2010\/01\/100125_Tonica2.jpg 600w\" sizes=\"(max-width: 265px) 100vw, 265px\" \/><\/a><!--more-->R\u00fcckenst\u00e4rkung erf\u00e4hrt der Verein durch B\u00fcrgermeister Dr. Eberhard Fennel, der zugesagt hat, die Schirmherrschaft f\u00fcr alle \u00f6ffentlichen Veranstaltungen in 2010 zu \u00fcbernehmen. Stadtrat Theo Fl\u00fcgel \u00fcberbrachte auf der Versammlung die Gr\u00fc\u00dfe des Magistrats und des B\u00fcrgermeisters und fand anerkennende Worte f\u00fcr das ehrenamtliche Engagement der Tonica, insbesondere im Bereich der Jugendarbeit.<\/p>\n<p>Der Jahresfahrplan startet n\u00e4rrisch &#8211; mit Auftritten bei der Fremdensitzung in Mackenzell und nat\u00fcrlich mit viel \u201eGute-Laune-Musik\u201c im gro\u00dfen Umzug am Fastnachtssonntag. Ihre Verbundenheit mit der Kirche m\u00f6chten die Musiker durch die Auff\u00fchrung der Bl\u00e4sermesse \u201eMissa Brevis\u201c am Ostermontag gemeinsam mit dem Gemischten Chor Mackenzell ausdr\u00fccken. Am Samstag, 27. M\u00e4rz 2010 kommen die Mitgliedsvereine des Musikbundes Vorderrh\u00f6n zum allj\u00e4hrlichen Wertungsspielen nach H\u00fcnfeld ins Kolpinghaus. Der Erl\u00f6s dieses Benefizkonzertes geht an ein Kinderheim in Chile. Unter dem Motto \u201eMusic and more\u201c pr\u00e4sentiert die Tonica am 2. Mai 2010 ihr Fr\u00fchlingskonzert ebenfalls in der Stadthalle. Allein das Thema macht neugierig auf \u201emehr\u201c \u2013 doch die Veranstalter wollen noch nicht alles verraten.<\/p>\n<p>Ganz im Zeichen des Jubil\u00e4ums steht das gro\u00dfe Sommernachtsfest vom 6. \u2013 9. August 2010 im Tonica-Steinbruch. Statt wie sonst \u00fcblich an drei Tagen, wird in diesem Jahr an vier Tagen gefeiert. Und wie nicht anders zu erwarten, wird au\u00dferordentlich gute Live-Musik geboten. Den Auftakt am Freitag machen die Lokalmatadore \u201eSkabrot\u201c als Einheizer f\u00fcr den Topact \u201eFeel Collins\u201c aus Aschaffenburg. Samstag wird\u00e2\u20ac\u2122s z\u00fcnftig. Rh\u00f6ner BMB spielen zum Fassanstich durch die Bierk\u00f6nigin und zur Biertime, bevor dann \u201eRh\u00f6ner Bluat\u201c die B\u00fchne entern, die wohl zurzeit \u201eurgewaltigste\u201c Partyband aus der fr\u00e4nkischen Rh\u00f6n. Der Sonntagmittag geh\u00f6rt ganz der Blasmusik. Zum Bundesmusikfest des Musikbundes Vorderrh\u00f6n wird sich ein gro\u00dfer musikalischer Festzug mit den Kapellen des Musikbundes durch\u00e2\u20ac\u2122s Dorf schl\u00e4ngeln, bevor dann im Steinbruch ein gro\u00dfes Musikantentreffen stattfindet. Am Sonntagabend werden verschiedene Nachwuchsbands bei freiem Eintritt f\u00fcr Festivalstimmung sorgen. F\u00fcr den traditionellen Weizenbierabend mit Kesselfleisch und Haxen am Montag konnte der Musikverein L\u00fctter gewonnen werden.<\/p>\n<p>Besinnlich findet das Jubil\u00e4umsjahr seinen Ausklang mit einem Adventskonzert am 5. Dezember 2010 in der Kirche in Mackenzell, an dem wieder verschiedene musikalische Gruppen mitwirken werden.<\/p>\n<p>Neben dem Ausblick in das neue Jahr wurde in der Versammlung auch auf ein hoch aktives vergangenes Jahr zur\u00fcckgeschaut. Zudem konnten im Rahmen der turnusm\u00e4\u00dfigen Vorstandswahlen neue Kr\u00e4fte f\u00fcr die Vorstandsarbeit gewonnen werden.<\/p>\n<p><strong>Vorstand 2010 der Tonica:<\/strong><br \/>\nMusikalischer Leiter: Markus Abel<br \/>\nTerminkoordinator: Carsten Trapp<br \/>\nKassenwart: Stefan Meyer<br \/>\nSchriftf\u00fchrerin: Anke Wehner<br \/>\nKulturwartin: Julia Richter<\/p>\n","protected":false},"excerpt":{"rendered":"<div class=\"tmnf_excerpt\"><p>Mackenzell. Der Bl\u00e4serchor Tonica Mackenzell nutzte die diesj\u00e4hrige Jahreshauptversammlung als Auftakt in ein doppeltes Jubil\u00e4umsjahr: 75 Jahre Blasmusik in Mackenzell und 40 Jahre Tonica feiert der Verein in diesem Jahr. Um diese beiden Anl\u00e4sse geb\u00fchrend zu w\u00fcrdigen, haben sich die Musikerinnen und Musiker ein ordentliches Programm vorgenommen. Auf die geplanten Aktivit\u00e4ten wurden die Vereinsmitglieder im &hellip;<\/p>\n<\/div>","protected":false},"author":1,"featured_media":0,"comment_status":"closed","ping_status":"closed","sticky":false,"template":"","format":"standard","meta":{"footnotes":""},"categories":[1,44],"tags":[],"class_list":["post-50557","post","type-post","status-publish","format-standard","hentry","category-startseite","category-kultur"],"_links":{"self":[{"href":"https:\/\/www.fuldaernachrichten.de\/index.php?rest_route=\/wp\/v2\/posts\/50557","targetHints":{"allow":["GET"]}}],"collection":[{"href":"https:\/\/www.fuldaernachrichten.de\/index.php?rest_route=\/wp\/v2\/posts"}],"about":[{"href":"https:\/\/www.fuldaernachrichten.de\/index.php?rest_route=\/wp\/v2\/types\/post"}],"author":[{"embeddable":true,"href":"https:\/\/www.fuldaernachrichten.de\/index.php?rest_route=\/wp\/v2\/users\/1"}],"replies":[{"embeddable":true,"href":"https:\/\/www.fuldaernachrichten.de\/index.php?rest_route=%2Fwp%2Fv2%2Fcomments&post=50557"}],"version-history":[{"count":7,"href":"https:\/\/www.fuldaernachrichten.de\/index.php?rest_route=\/wp\/v2\/posts\/50557\/revisions"}],"predecessor-version":[{"id":50591,"href":"https:\/\/www.fuldaernachrichten.de\/index.php?rest_route=\/wp\/v2\/posts\/50557\/revisions\/50591"}],"wp:attachment":[{"href":"https:\/\/www.fuldaernachrichten.de\/index.php?rest_route=%2Fwp%2Fv2%2Fmedia&parent=50557"}],"wp:term":[{"taxonomy":"category","embeddable":true,"href":"https:\/\/www.fuldaernachrichten.de\/index.php?rest_route=%2Fwp%2Fv2%2Fcategories&post=50557"},{"taxonomy":"post_tag","embeddable":true,"href":"https:\/\/www.fuldaernachrichten.de\/index.php?rest_route=%2Fwp%2Fv2%2Ftags&post=50557"}],"curies":[{"name":"wp","href":"https:\/\/api.w.org\/{rel}","templated":true}]}}