{"id":50552,"date":"2010-01-25T07:32:01","date_gmt":"2010-01-25T06:32:01","guid":{"rendered":"http:\/\/www.schoene-nachrichten.de\/?p=50552"},"modified":"2010-01-25T08:32:20","modified_gmt":"2010-01-25T07:32:20","slug":"uewag-spendet-10-000-euro-fuer-erdbebenhilfe-in-haiti","status":"publish","type":"post","link":"https:\/\/www.fuldaernachrichten.de\/?p=50552","title":{"rendered":"\u00dcWAG spendet 10.000 Euro f\u00fcr Erdbebenhilfe in Haiti"},"content":{"rendered":"<p><a href=\"http:\/\/www.schoene-nachrichten.de\/wp-content\/uploads\/2010\/01\/100125_\u00dcWAG1.jpg\"><img decoding=\"async\" class=\"alignnone size-medium wp-image-50568\" title=\"100125_\u00dcWAG\" src=\"http:\/\/www.schoene-nachrichten.de\/wp-content\/uploads\/2010\/01\/100125_\u00dcWAG1-265x188.jpg\" alt=\"100125_\u00dcWAG\" hspace=\"5\" width=\"265\" height=\"188\" align=\"left\" \/><\/a><strong>Fulda<\/strong>. Die Bilder vom verheerenden Erdbeben in Haiti und die Not der Menschen in der Krisenregion ersch\u00fcttern die Welt. Auf Soforthilfe kommt es an. Aus diesem Grund hat sich die \u00dcberlandwerk Fulda Aktiengesellschaft (\u00dcWAG) zum raschen Handeln entschlossen und 10.000 Euro an den deutschen Malteser Hilfsdienst gespendet. Malteser-Pr\u00e4sident Constantin von Brandenstein-Zeppelin nahm im \u00dcWAG-Verwaltungssitz in Fulda den Scheck aus den H\u00e4nden von \u00dcWAG-Vorstand Dipl.-Ing. G\u00fcnter Bury entgegen.<!--more--><\/p>\n<p>\u201eWir sind beeindruckt vom Einsatz des Malteser Hilfsdienstes im Erdbebengebiet und unterst\u00fctzen Ihre Arbeit gerne, weil wir wissen, dass die Spende bei den Opfern der Katastrophe ankommt\u201c, sagte G\u00fcnter Bury an Constantin von Brandenstein-Zeppelin gewandt. Der \u00dcWAG-Vorstand erinnerte an die nachhaltigen Wiederaufbau-Ma\u00dfnahmen des Malteser Hilfsdienstes in S\u00fcdasien nach dem schrecklichen Tsunami im Dezember 2004. Auch damals spendete die \u00dcWAG f\u00fcr die Arbeit der aktiven Helfer und f\u00fcr zwei speziell ausgew\u00e4hlte Energieversorgungsprojekte in Sri Lanka.<\/p>\n<p>\u201eIm Namen der Malteser in Deutschland danke ich der \u00dcWAG f\u00fcr das entgegengebrachte Vertrauen und die gro\u00dfz\u00fcgige Spende f\u00fcr die Erdbebensoforthilfe\u201c, sagte Constantin von Brandenstein-Zeppelin. Derzeit k\u00fcmmern sich die Helfer der Organisation in erster Linie um die medizinische Versorgung der Opfer, sorgen f\u00fcr Notfall-Sets, Medikamente und Verbandsmaterial. Der in Schl\u00fcchtern-Elm lebende Malteser-Pr\u00e4sident lobte, dass die \u00dcWAG unter den Unternehmen in der Region eine Vorreiterrolle in punkto Spendenbereitschaft einnimmt. Er hofft, dass viele Firmen und Institutionen dem Beispiel des f\u00fchrenden osthessischen Energieversorgers folgen und f\u00fcr die Erdbebenopferhilfe spenden werden, denn die Not im Katastrophengebiet ist gro\u00df.<\/p>\n<p>Wer ebenfalls die Arbeit der Hilfsorganisation unterst\u00fctzen m\u00f6chte, der kann dies tun mit einer Spende an den Malteser Hilfsdienst auf das Konto 88888 bei der Sparkasse Fulda (BLZ 530 501 80), Stichwort: Malteser Hilfsdienst e. V., Erdbeben Haiti. Gerne stehen die Malteser f\u00fcr Spenden\u00fcbergaben bereit, wie der Malteser-Pr\u00e4sident betont.<\/p>\n","protected":false},"excerpt":{"rendered":"<div class=\"tmnf_excerpt\"><p>Fulda. Die Bilder vom verheerenden Erdbeben in Haiti und die Not der Menschen in der Krisenregion ersch\u00fcttern die Welt. Auf Soforthilfe kommt es an. Aus diesem Grund hat sich die \u00dcberlandwerk Fulda Aktiengesellschaft (\u00dcWAG) zum raschen Handeln entschlossen und 10.000 Euro an den deutschen Malteser Hilfsdienst gespendet. Malteser-Pr\u00e4sident Constantin von Brandenstein-Zeppelin nahm im \u00dcWAG-Verwaltungssitz in &hellip;<\/p>\n<\/div>","protected":false},"author":1,"featured_media":0,"comment_status":"closed","ping_status":"closed","sticky":false,"template":"","format":"standard","meta":{"footnotes":""},"categories":[1,29],"tags":[],"class_list":["post-50552","post","type-post","status-publish","format-standard","hentry","category-startseite","category-politik"],"_links":{"self":[{"href":"https:\/\/www.fuldaernachrichten.de\/index.php?rest_route=\/wp\/v2\/posts\/50552","targetHints":{"allow":["GET"]}}],"collection":[{"href":"https:\/\/www.fuldaernachrichten.de\/index.php?rest_route=\/wp\/v2\/posts"}],"about":[{"href":"https:\/\/www.fuldaernachrichten.de\/index.php?rest_route=\/wp\/v2\/types\/post"}],"author":[{"embeddable":true,"href":"https:\/\/www.fuldaernachrichten.de\/index.php?rest_route=\/wp\/v2\/users\/1"}],"replies":[{"embeddable":true,"href":"https:\/\/www.fuldaernachrichten.de\/index.php?rest_route=%2Fwp%2Fv2%2Fcomments&post=50552"}],"version-history":[{"count":7,"href":"https:\/\/www.fuldaernachrichten.de\/index.php?rest_route=\/wp\/v2\/posts\/50552\/revisions"}],"predecessor-version":[{"id":50590,"href":"https:\/\/www.fuldaernachrichten.de\/index.php?rest_route=\/wp\/v2\/posts\/50552\/revisions\/50590"}],"wp:attachment":[{"href":"https:\/\/www.fuldaernachrichten.de\/index.php?rest_route=%2Fwp%2Fv2%2Fmedia&parent=50552"}],"wp:term":[{"taxonomy":"category","embeddable":true,"href":"https:\/\/www.fuldaernachrichten.de\/index.php?rest_route=%2Fwp%2Fv2%2Fcategories&post=50552"},{"taxonomy":"post_tag","embeddable":true,"href":"https:\/\/www.fuldaernachrichten.de\/index.php?rest_route=%2Fwp%2Fv2%2Ftags&post=50552"}],"curies":[{"name":"wp","href":"https:\/\/api.w.org\/{rel}","templated":true}]}}