{"id":50527,"date":"2010-01-23T05:14:53","date_gmt":"2010-01-23T04:14:53","guid":{"rendered":"http:\/\/www.schoene-nachrichten.de\/?p=50527"},"modified":"2010-01-23T12:15:10","modified_gmt":"2010-01-23T11:15:10","slug":"vorstaende-der-schwenninger-bkk-erneut-im-amt-bestaetigt","status":"publish","type":"post","link":"https:\/\/www.fuldaernachrichten.de\/?p=50527","title":{"rendered":"Vorst\u00e4nde der Schwenninger BKK erneut im Amt best\u00e4tigt"},"content":{"rendered":"<p><strong><a href=\"http:\/\/www.schoene-nachrichten.de\/wp-content\/uploads\/2010\/01\/100122_Vorstand.jpg\"><img fetchpriority=\"high\" decoding=\"async\" class=\"alignleft size-thumbnail wp-image-50528\" title=\"100122_Vorstand\" src=\"http:\/\/www.schoene-nachrichten.de\/wp-content\/uploads\/2010\/01\/100122_Vorstand-265x191.jpg\" alt=\"100122_Vorstand\" width=\"265\" height=\"191\" srcset=\"https:\/\/www.fuldaernachrichten.de\/wp-content\/uploads\/2010\/01\/100122_Vorstand-265x191.jpg 265w, https:\/\/www.fuldaernachrichten.de\/wp-content\/uploads\/2010\/01\/100122_Vorstand.jpg 592w\" sizes=\"(max-width: 265px) 100vw, 265px\" \/><\/a>Villingen-Schwenningen.<\/strong> Seit 18. Januar ist es offiziell: Der Verwaltungsrat der Schwenninger BKK hat Siegfried G\u00e4nsler, Vorsitzender des Vorstandes, und Thorsten Br\u00f6ske, Vorstand, erneut f\u00fcr sechs Jahre im Amt best\u00e4tigt. Nach der Fusion der Schwenninger BKK und der BKK Ost-Hessen zum 1. Januar 2010 hat sich das ehrenamtliche Verwaltungsgremium erstmals zusammengefunden. \u00c4nderungen gab es im Verwaltungsrat: Karl-Heinz Gula \u00fcbernimmt von Karl-Heinz Frank den Verwaltungsratsvorsitz der Versichertenvertreter.<!--more--><\/p>\n<p>Der alternierende Verwaltungsratsvorsitzende der Arbeitgeberseite, J\u00fcrgen Beetz, begr\u00fc\u00dft die Wahl: \u201eIch blicke auf eine konstruktive und erfolgreiche Zusammenarbeit mit Karl-Heinz Frank zur\u00fcck und freue mich darauf, diesen partnerschaftlichen Dialog auch mit dem neuen Vorsitzenden der Versichertenseite fortzusetzen.\u201c Der Vorsitz im Verwaltungsrat wechselt im j\u00e4hrlichen Turnus zwischen Arbeitgeber- und Versichertenvertreter.<\/p>\n<p>Au\u00dfer Karl-Heinz Frank schied auch Hans-Georg Sauer aus dem Verwaltungsrat aus. Hinzu kamen Oliver Gula, Rudolf Wald und Manfred Brendel als Versichertenvertreter sowie Rainer Kr\u00e4tschmer, B\u00fcrgermeister der Stadt W\u00e4chtersbach, als Arbeitgebervertreter. Gemeinsam gaben die Akteure gleich eine gute Nachricht f\u00fcr die Kunden der Schwenninger BKK bekannt: \u201eDank unseres soliden Finanzmanagements werden wir im Jahr 2010 unter den derzeitigen Rahmenbedingungen keinen Zusatzbeitrag erheben.<\/p>\n<p>Dies ist ein deutliches Plus f\u00fcr unsere Kunden\u201c, sagt Siegfried G\u00e4nsler. Ein weiterer Vorteil: Als einzige deutsche Krankenkasse ist die Schwenninger BKK als Gesamtunternehmen vom T\u00dcV Hessen im Jahr 2009 zum siebten Mal in Folge ausgezeichnet worden. \u201eDas zeigt, dass wirtschaftliches Handeln und Service auf hohem Niveau kein Widerspruch sind\u201c, so Thorsten Br\u00f6ske, Vorstand der Schwenninger BKK.<\/p>\n","protected":false},"excerpt":{"rendered":"<div class=\"tmnf_excerpt\"><p>Villingen-Schwenningen. Seit 18. Januar ist es offiziell: Der Verwaltungsrat der Schwenninger BKK hat Siegfried G\u00e4nsler, Vorsitzender des Vorstandes, und Thorsten Br\u00f6ske, Vorstand, erneut f\u00fcr sechs Jahre im Amt best\u00e4tigt. Nach der Fusion der Schwenninger BKK und der BKK Ost-Hessen zum 1. Januar 2010 hat sich das ehrenamtliche Verwaltungsgremium erstmals zusammengefunden. \u00c4nderungen gab es im Verwaltungsrat: &hellip;<\/p>\n<\/div>","protected":false},"author":1,"featured_media":0,"comment_status":"closed","ping_status":"closed","sticky":false,"template":"","format":"standard","meta":{"footnotes":""},"categories":[1],"tags":[],"class_list":["post-50527","post","type-post","status-publish","format-standard","hentry","category-startseite"],"_links":{"self":[{"href":"https:\/\/www.fuldaernachrichten.de\/index.php?rest_route=\/wp\/v2\/posts\/50527","targetHints":{"allow":["GET"]}}],"collection":[{"href":"https:\/\/www.fuldaernachrichten.de\/index.php?rest_route=\/wp\/v2\/posts"}],"about":[{"href":"https:\/\/www.fuldaernachrichten.de\/index.php?rest_route=\/wp\/v2\/types\/post"}],"author":[{"embeddable":true,"href":"https:\/\/www.fuldaernachrichten.de\/index.php?rest_route=\/wp\/v2\/users\/1"}],"replies":[{"embeddable":true,"href":"https:\/\/www.fuldaernachrichten.de\/index.php?rest_route=%2Fwp%2Fv2%2Fcomments&post=50527"}],"version-history":[{"count":2,"href":"https:\/\/www.fuldaernachrichten.de\/index.php?rest_route=\/wp\/v2\/posts\/50527\/revisions"}],"predecessor-version":[{"id":50544,"href":"https:\/\/www.fuldaernachrichten.de\/index.php?rest_route=\/wp\/v2\/posts\/50527\/revisions\/50544"}],"wp:attachment":[{"href":"https:\/\/www.fuldaernachrichten.de\/index.php?rest_route=%2Fwp%2Fv2%2Fmedia&parent=50527"}],"wp:term":[{"taxonomy":"category","embeddable":true,"href":"https:\/\/www.fuldaernachrichten.de\/index.php?rest_route=%2Fwp%2Fv2%2Fcategories&post=50527"},{"taxonomy":"post_tag","embeddable":true,"href":"https:\/\/www.fuldaernachrichten.de\/index.php?rest_route=%2Fwp%2Fv2%2Ftags&post=50527"}],"curies":[{"name":"wp","href":"https:\/\/api.w.org\/{rel}","templated":true}]}}