{"id":50354,"date":"2010-01-21T05:27:25","date_gmt":"2010-01-21T04:27:25","guid":{"rendered":"http:\/\/www.schoene-nachrichten.de\/?p=50354"},"modified":"2010-01-21T09:27:43","modified_gmt":"2010-01-21T08:27:43","slug":"polizeichor-begeisterte-in-bimbach","status":"publish","type":"post","link":"https:\/\/www.fuldaernachrichten.de\/?p=50354","title":{"rendered":"Polizeichor begeisterte in Bimbach"},"content":{"rendered":"<p><strong><a href=\"http:\/\/www.schoene-nachrichten.de\/wp-content\/uploads\/2010\/01\/100120_Polizei.jpg\"><img decoding=\"async\" class=\"alignleft size-thumbnail wp-image-50355\" title=\"100120_Polizei\" src=\"http:\/\/www.schoene-nachrichten.de\/wp-content\/uploads\/2010\/01\/100120_Polizei-265x173.jpg\" alt=\"100120_Polizei\" width=\"265\" height=\"173\" srcset=\"https:\/\/www.fuldaernachrichten.de\/wp-content\/uploads\/2010\/01\/100120_Polizei-265x173.jpg 265w, https:\/\/www.fuldaernachrichten.de\/wp-content\/uploads\/2010\/01\/100120_Polizei.jpg 592w\" sizes=\"(max-width: 265px) 100vw, 265px\" \/><\/a>Bimbach. <\/strong>Auf Einladung des Vereins Gemeinsam Leben &#8211; Gemeinsam Lernen sang der Polizeichor in der festlich geschm\u00fcckten Bimbacher St. Laurentius-Kirche vor einem begeisterten Publikum. Gleich zu Beginn stellten die 50 S\u00e4nger, begleitet an der Orgel von Frau Reisetsu Farber und unter Leitung ihres Dirigenten Carsten Rupp, ihre Freude am Singen unter Beweis mit dem Lied &#8220;Preiset froh den K\u00f6nig&#8221;. Das brillante Orgelspiel von Frau Farber zeigte sich insbesondere bei Pr\u00e4ludium und Fuge a-Moll von Johann Sebastian Bach, BWV 543. Die Klassiker des Polizeichores wie &#8220;Herr deine G\u00fcte&#8221;, &#8220;Im Abendrot&#8221;, &#8220;Die Abendglocken rufen&#8221;, &#8220;Ich bete an die Macht der Liebe&#8221;, &#8220;Ave Maria&#8221; und andere Beitr\u00e4ge durften nicht fehlen. <!--more--><\/p>\n<p>Diese vertrauten Lieder geh\u00f6ren zum Repertoire des Polizeichores und werden zurecht vom Publikum erwartet. Ein H\u00f6hepunkt in diesem stimmungsvollen Konzert war von Johann Sebastian Bach das bekannte Orgelst\u00fcck &#8220;Air&#8221; aus der Suite D-Dur BWV 1068. Die Konzertbesucher dankten dem Chor, dem Dirigenten und der Organistin mit lang anhaltendem Beifall; so dass der Chor nicht um eine Zugabe umhin kam. In seiner Begr\u00fc\u00dfung hatte der Vorsitzende Helmut Blum darauf hingewiesen, dass der Polizeichor sich bereits 2002, 2006 und nun auch im Jahr 2010 in den Dienst einer guten Sache stelle.<\/p>\n<p><a href=\"http:\/\/www.schoene-nachrichten.de\/wp-content\/uploads\/2010\/01\/100120_Kirche.jpg\"><img decoding=\"async\" class=\"alignnone size-thumbnail wp-image-50356\" title=\"100120_Kirche\" src=\"http:\/\/www.schoene-nachrichten.de\/wp-content\/uploads\/2010\/01\/100120_Kirche-265x173.jpg\" alt=\"100120_Kirche\" width=\"265\" height=\"173\" srcset=\"https:\/\/www.fuldaernachrichten.de\/wp-content\/uploads\/2010\/01\/100120_Kirche-265x173.jpg 265w, https:\/\/www.fuldaernachrichten.de\/wp-content\/uploads\/2010\/01\/100120_Kirche.jpg 592w\" sizes=\"(max-width: 265px) 100vw, 265px\" \/><\/a> <a href=\"http:\/\/www.schoene-nachrichten.de\/wp-content\/uploads\/2010\/01\/100120_Kirche2.jpg\"><img decoding=\"async\" class=\"alignnone size-thumbnail wp-image-50357\" title=\"100120_Kirche2\" src=\"http:\/\/www.schoene-nachrichten.de\/wp-content\/uploads\/2010\/01\/100120_Kirche2-265x173.jpg\" alt=\"100120_Kirche2\" width=\"265\" height=\"173\" srcset=\"https:\/\/www.fuldaernachrichten.de\/wp-content\/uploads\/2010\/01\/100120_Kirche2-265x173.jpg 265w, https:\/\/www.fuldaernachrichten.de\/wp-content\/uploads\/2010\/01\/100120_Kirche2.jpg 592w\" sizes=\"(max-width: 265px) 100vw, 265px\" \/><\/a>Erfreut waren die Mitglieder des Vereins, dass unter den G\u00e4sten Dechant Markus G\u00fcnther, Kaplan Stephan R\u00f6dig und B\u00fcrgermeister Werner Dietrich anwesend waren. Der Erl\u00f6s dieses Konzertes sollte dem Projekt &#8220;Arche Noah&#8221; zugutekommen. Aber aufgrund der Ereignisse in Haiti k\u00f6nne man die Augen nicht vor dem Elend verschlie\u00dfen und so bat der Vorsitzende um eine Spende und versprach, die H\u00e4lfte des Konzerterl\u00f6ses den Erdbebenopfern zur Verf\u00fcgung zu stellen. Bei der anschlie\u00dfenden Sammlung kamen \u00fcber 1000 \u00e2\u201a\u00ac zusammen, so dass mittlerweile 500 \u00e2\u201a\u00ac an das B\u00fcndnis Entwicklung Haiti der ARD \u00fcberwiesen wurden.<\/p>\n","protected":false},"excerpt":{"rendered":"<div class=\"tmnf_excerpt\"><p>Bimbach. Auf Einladung des Vereins Gemeinsam Leben &#8211; Gemeinsam Lernen sang der Polizeichor in der festlich geschm\u00fcckten Bimbacher St. Laurentius-Kirche vor einem begeisterten Publikum. Gleich zu Beginn stellten die 50 S\u00e4nger, begleitet an der Orgel von Frau Reisetsu Farber und unter Leitung ihres Dirigenten Carsten Rupp, ihre Freude am Singen unter Beweis mit dem Lied &hellip;<\/p>\n<\/div>","protected":false},"author":1,"featured_media":0,"comment_status":"closed","ping_status":"closed","sticky":false,"template":"","format":"standard","meta":{"footnotes":""},"categories":[1,44],"tags":[],"class_list":["post-50354","post","type-post","status-publish","format-standard","hentry","category-startseite","category-kultur"],"_links":{"self":[{"href":"https:\/\/www.fuldaernachrichten.de\/index.php?rest_route=\/wp\/v2\/posts\/50354","targetHints":{"allow":["GET"]}}],"collection":[{"href":"https:\/\/www.fuldaernachrichten.de\/index.php?rest_route=\/wp\/v2\/posts"}],"about":[{"href":"https:\/\/www.fuldaernachrichten.de\/index.php?rest_route=\/wp\/v2\/types\/post"}],"author":[{"embeddable":true,"href":"https:\/\/www.fuldaernachrichten.de\/index.php?rest_route=\/wp\/v2\/users\/1"}],"replies":[{"embeddable":true,"href":"https:\/\/www.fuldaernachrichten.de\/index.php?rest_route=%2Fwp%2Fv2%2Fcomments&post=50354"}],"version-history":[{"count":2,"href":"https:\/\/www.fuldaernachrichten.de\/index.php?rest_route=\/wp\/v2\/posts\/50354\/revisions"}],"predecessor-version":[{"id":50406,"href":"https:\/\/www.fuldaernachrichten.de\/index.php?rest_route=\/wp\/v2\/posts\/50354\/revisions\/50406"}],"wp:attachment":[{"href":"https:\/\/www.fuldaernachrichten.de\/index.php?rest_route=%2Fwp%2Fv2%2Fmedia&parent=50354"}],"wp:term":[{"taxonomy":"category","embeddable":true,"href":"https:\/\/www.fuldaernachrichten.de\/index.php?rest_route=%2Fwp%2Fv2%2Fcategories&post=50354"},{"taxonomy":"post_tag","embeddable":true,"href":"https:\/\/www.fuldaernachrichten.de\/index.php?rest_route=%2Fwp%2Fv2%2Ftags&post=50354"}],"curies":[{"name":"wp","href":"https:\/\/api.w.org\/{rel}","templated":true}]}}