{"id":50329,"date":"2010-01-21T05:32:06","date_gmt":"2010-01-21T04:32:06","guid":{"rendered":"http:\/\/www.schoene-nachrichten.de\/?p=50329"},"modified":"2010-01-21T09:32:38","modified_gmt":"2010-01-21T08:32:38","slug":"jahresempfang-der-gemeinde-poppenhausen-kritik-und-motivierende-aussicht","status":"publish","type":"post","link":"https:\/\/www.fuldaernachrichten.de\/?p=50329","title":{"rendered":"Jahresempfang der Gemeinde Poppenhausen &#8211;  Kritik und motivierende Aussicht"},"content":{"rendered":"<p><strong><a href=\"http:\/\/www.schoene-nachrichten.de\/wp-content\/uploads\/2010\/01\/100120_Jahresempfang.jpg\"><img decoding=\"async\" class=\"alignleft size-thumbnail wp-image-50330\" title=\"100120_Jahresempfang\" src=\"http:\/\/www.schoene-nachrichten.de\/wp-content\/uploads\/2010\/01\/100120_Jahresempfang-265x176.jpg\" alt=\"100120_Jahresempfang\" width=\"265\" height=\"176\" srcset=\"https:\/\/www.fuldaernachrichten.de\/wp-content\/uploads\/2010\/01\/100120_Jahresempfang-265x176.jpg 265w, https:\/\/www.fuldaernachrichten.de\/wp-content\/uploads\/2010\/01\/100120_Jahresempfang.jpg 592w\" sizes=\"(max-width: 265px) 100vw, 265px\" \/><\/a>Poppenhausen. <\/strong>Der Beginn der Jahresauftaktveranstaltung in Poppenhausen war in diesem Jahr anders als sonst: Bernd Burkhart informierte als Vorsitzender des zum Ende des Jahres 2009 gegr\u00fcndeten \u201eF\u00f6rderverein Grundschule Poppenhausen e.V.\u201c \u00fcber die Zielsetzung der Initiative und stellte den neuen Chor der Grundschule vor. Dieser wird von Rektor i.R. Johannes Neuwirth geleitet. Mit hellen Stimmen tr\u00e4llerte der junge Chor das von Schulleiter Wolfgang R\u00f6der geschriebene Lied: \u201eMir den die Keng vo Bobbehuise\u201c und begeisterte die G\u00e4ste. Die musikalische Begleitung hatte der Konzertpianist Jan Polivka \u00fcbernommen, der im Laufe des Abendprogramms noch weitere Kostproben seines K\u00f6nnens gab.<!--more--><\/p>\n<p>Nach dem Chorgesang pr\u00e4sentierte\u00c2\u00a0 Johannes Neuwirth das von Rh\u00f6nmaler C.O. Hartmann neu angefertigte B\u00fchnengem\u00e4lde. Im Vordergrund der Ort Poppenhausen mit seinen \u201eHausbergen\u201c, die Wasserkuppe und den Pferdskopf im Hintergrund und bedankte sich bei der Gemeinde f\u00fcr diese sch\u00f6ne Kulisse, die eine echte kulturelle Bereicherung f\u00fcr das von-Steinr\u00fcck-Haus darstelle.<\/p>\n<p>Anschlie\u00dfend begr\u00fc\u00dfte der Vorsitzende der Gemeindevertretung Helmuth Sapper die etwa 200 G\u00e4ste und freute sich, das die Vertreter der Geistlichkeit, der Politik, der Vereine, der Inhaber von Auszeichnungen, der gewerblichen Wirtschaft, der Fachbeh\u00f6rden, der \u00c4rzteschaft, der verschiedenen Dienstleister sowie der Gesch\u00e4ftspartner und des gesellschaftlichen Lebens wieder so zahlreich der Einladung der Gemeinde gefolgt waren.<\/p>\n<p>Er interpretierte aus seiner Sicht einige Schlagworte des Jahres wie \u201eSchuldenbremse, Schweinegrippe und Abwrackpr\u00e4mie\u201c. Kritisch bewertete er die \u201egro\u00dfe Politik\u201c , \u00c2\u00a0bei der es momentan nicht so rund laufe. Aber der Vorsitzende hatte auch humorvolle und aufmunternde Worte parat und lobte abschlie\u00dfend den breiten ehrenamtlichen Einsatz vieler Mitb\u00fcrgerinnen und Mitb\u00fcrger f\u00fcr das Gemeinwohl.<\/p>\n<p><a href=\"http:\/\/www.schoene-nachrichten.de\/wp-content\/uploads\/2010\/01\/100120_Jahresempfang2.jpg\"><img fetchpriority=\"high\" decoding=\"async\" class=\"alignnone size-thumbnail wp-image-50331\" title=\"100120_Jahresempfang2\" src=\"http:\/\/www.schoene-nachrichten.de\/wp-content\/uploads\/2010\/01\/100120_Jahresempfang2-265x198.jpg\" alt=\"100120_Jahresempfang2\" width=\"265\" height=\"198\" srcset=\"https:\/\/www.fuldaernachrichten.de\/wp-content\/uploads\/2010\/01\/100120_Jahresempfang2-265x198.jpg 265w, https:\/\/www.fuldaernachrichten.de\/wp-content\/uploads\/2010\/01\/100120_Jahresempfang2.jpg 592w\" sizes=\"(max-width: 265px) 100vw, 265px\" \/><\/a> <a href=\"http:\/\/www.schoene-nachrichten.de\/wp-content\/uploads\/2010\/01\/100120_Jahresempfang3.jpg\"><img decoding=\"async\" class=\"alignnone size-thumbnail wp-image-50333\" title=\"100120_Jahresempfang3\" src=\"http:\/\/www.schoene-nachrichten.de\/wp-content\/uploads\/2010\/01\/100120_Jahresempfang3-265x198.jpg\" alt=\"100120_Jahresempfang3\" width=\"265\" height=\"198\" srcset=\"https:\/\/www.fuldaernachrichten.de\/wp-content\/uploads\/2010\/01\/100120_Jahresempfang3-265x198.jpg 265w, https:\/\/www.fuldaernachrichten.de\/wp-content\/uploads\/2010\/01\/100120_Jahresempfang3.jpg 592w\" sizes=\"(max-width: 265px) 100vw, 265px\" \/><\/a>Mit regionalem Fokus betrachtete B\u00fcrgermeister Helfrich die momentane Situation seiner Heimatgemeinde Poppenhausen. In einem R\u00fcckblick erinnerte er dann auch an einiges, was in Poppenhausen im vergangenen Jahr geleistet wurde: Das Radom als &#8220;liebgewonnene Landmarke&#8221; ist an die &#8220;Radom-Flug-Gesellschaft&#8221; \u00fcbergeben worden, mehrere Stra\u00dfen wurden neu asphaltiert, neue Bauten f\u00fcr Sportlerheim und Kindertagesst\u00e4tte wurden und werden realisiert und ein neuer Radbagger f\u00fcr den Bauhof wurde angeschafft.<\/p>\n<p>&#8220;Wir setzen in Poppenhausen die Jahre der Wertsch\u00f6pfung fort&#8221;, so der B\u00fcrgermeister. Einen besonderen Stellenwert r\u00e4umte Helfrich dem energie- und umweltbewussten Verhalten Poppenhausens und seiner B\u00fcrger ein, das 2009 mit dem &#8220;Energie-Award&#8221; von GenoPortal ausgezeichnet wurde. Kritik \u00fcbte der Rathaus-Chef im gleichen Atemzug an der Umweltpolitik einiger &#8211; verantwortungsloser Staaten: &#8220;Es gibt noch zu viele L\u00e4nder, die das Leben von Millionen Menschen aufs Spiel setzen, um ihr pers\u00f6nliches Wachstum zu f\u00f6rdern&#8221;.<\/p>\n<p>Helfrichs Prognose f\u00fcr 2010 fiel recht positiv aus: &#8220;Wir setzen noch einen drauf&#8221;. Nach einem touristisch sehr erfolgreichen 2009 werde man versuchen, weiterhin Gro\u00dfereignisse wie das letztj\u00e4hrige Harley-Treffen in die Umgebung von Poppenhausen zu holen. Auch die Aussicht auf den ersten &#8220;Rh\u00f6ner Brot- und Biermarkt&#8221;, der dieses Jahr stattfinden soll, sorgte bei B\u00fcrgermeister und G\u00e4sten f\u00fcr freudige Stimmung. Trotzdem: &#8220;Die Krise hat uns hart getroffen &#8211; und wir sind noch lange nicht durch&#8221;, so Helfrich.<\/p>\n<p><a href=\"http:\/\/www.schoene-nachrichten.de\/wp-content\/uploads\/2010\/01\/100120_Jahresempfang4.jpg\"><img loading=\"lazy\" decoding=\"async\" class=\"alignnone size-thumbnail wp-image-50334\" title=\"100120_Jahresempfang4\" src=\"http:\/\/www.schoene-nachrichten.de\/wp-content\/uploads\/2010\/01\/100120_Jahresempfang4-265x176.jpg\" alt=\"100120_Jahresempfang4\" width=\"265\" height=\"176\" srcset=\"https:\/\/www.fuldaernachrichten.de\/wp-content\/uploads\/2010\/01\/100120_Jahresempfang4-265x176.jpg 265w, https:\/\/www.fuldaernachrichten.de\/wp-content\/uploads\/2010\/01\/100120_Jahresempfang4.jpg 592w\" sizes=\"(max-width: 265px) 100vw, 265px\" \/><\/a> <a href=\"http:\/\/www.schoene-nachrichten.de\/wp-content\/uploads\/2010\/01\/100120_Jahresempfang5.jpg\"><img loading=\"lazy\" decoding=\"async\" class=\"alignnone size-thumbnail wp-image-50335\" title=\"100120_Jahresempfang5\" src=\"http:\/\/www.schoene-nachrichten.de\/wp-content\/uploads\/2010\/01\/100120_Jahresempfang5-265x176.jpg\" alt=\"100120_Jahresempfang5\" width=\"265\" height=\"176\" srcset=\"https:\/\/www.fuldaernachrichten.de\/wp-content\/uploads\/2010\/01\/100120_Jahresempfang5-265x176.jpg 265w, https:\/\/www.fuldaernachrichten.de\/wp-content\/uploads\/2010\/01\/100120_Jahresempfang5.jpg 592w\" sizes=\"(max-width: 265px) 100vw, 265px\" \/><\/a>Als &#8220;Schmankerl&#8221; des Abends hatte der B\u00fcrgermeister Frau Barbara Vay, die Gesch\u00e4ftsf\u00fchrerin der Dachmarke Rh\u00f6n, eingeladen, die in einer Bildpr\u00e4sentation \u00fcber die Vorz\u00fcge Rh\u00f6ner Produkte und deren Bedeutung f\u00fcr den Tourismus referierte. Mit der Dachmarke Rh\u00f6n werde eine einheitliche Identit\u00e4t nach innen und ein hoher Wiedererkennungswert nach au\u00dfen geschaffen. Frau Vay ging auf die verschiedenen Kennzeichnungen und deren Verwendung ein: Das Identit\u00e4tszeichen Rh\u00f6n, das Qualit\u00e4tssiegel Rh\u00f6n und das Biosiegel Rh\u00f6n.<\/p>\n<p>Die typisch rh\u00f6ner Produkte w\u00fcrden sich durch ihre nachhaltige Qualit\u00e4t auszeichnen. In diesem Zusammenhang h\u00e4tten die einzigartige Kulturlandschaft, die handwerkliche Verarbeitung, die Produkttransparenz und die geschlossene einheitliche Au\u00dfendarstellung der Rh\u00f6n eine herausragende Bedeutung. Die Dachmarke Rh\u00f6n f\u00f6rdere die Identifizierung mit der Rh\u00f6ner Kulturlandschaft, der regionalen Wertsch\u00f6pfung, mit dem nachhaltigen Wirtschaften sowie der Sicherung und die Schaffung von Arbeitspl\u00e4tzen in der Region.<\/p>\n<p>Als Landrat Bernd Woide ans Rednerpult trat, hatte er nicht nur Worte der Anerkennung und Motivation dabei (&#8220;Poppenhausen ist sehr aktiv und lebendig und als Luftkurort gut aufgestellt&#8221;), sondern \u00fcbergab auch die staatlichen Qualit\u00e4tszertifikate, \u201eLuftkurort Poppenhausen\u201c und \u201eErholungsort Rodholz\u201c, die in einem fast vierj\u00e4hrigen strengen Pr\u00fcfungsverfahren best\u00e4tigt wurden.<\/p>\n<p><a href=\"http:\/\/www.schoene-nachrichten.de\/wp-content\/uploads\/2010\/01\/100120_Jahresempfang6.jpg\"><img loading=\"lazy\" decoding=\"async\" class=\"alignleft size-thumbnail wp-image-50336\" title=\"100120_Jahresempfang6\" src=\"http:\/\/www.schoene-nachrichten.de\/wp-content\/uploads\/2010\/01\/100120_Jahresempfang6-265x176.jpg\" alt=\"100120_Jahresempfang6\" width=\"265\" height=\"176\" srcset=\"https:\/\/www.fuldaernachrichten.de\/wp-content\/uploads\/2010\/01\/100120_Jahresempfang6-265x176.jpg 265w, https:\/\/www.fuldaernachrichten.de\/wp-content\/uploads\/2010\/01\/100120_Jahresempfang6.jpg 592w\" sizes=\"(max-width: 265px) 100vw, 265px\" \/><\/a>In dem medizinisch klimatologischen Fachgutachten war der Zustand und die Entwicklung der Gemeinde Poppenhausen umfangreich gew\u00fcrdigt worden. Besonders anerkannt wurde das Alleinstellungsmerkmal \u201eNatursportgemeinde\u201c das authentisch besetzt sei und auch das kulturelle k\u00fcnstlerische Engagement. Zitat: \u201eDie Poppenhausener Kunstmeile ist origin\u00e4re Synthese von Kultur (Kunst) und Natur, was f\u00fcr (Gesellschafts-) Kurorte der Vergangenheit selbstverst\u00e4ndlich war, seit ca. 50 Jahren, vor allem induziert durch die Klinik-Rehab der Sozialversicherungen v\u00f6llig in Vergessenheit geriet und gerade wieder\u00c2\u00a0 (neu-) entdeckt wird!\u201c<\/p>\n<p>Das Fachgutachten motiviert Poppenhausen, sich um eine Weiterentwicklung in Richtung \u201eheilklimatischer Kurort\u201c zu bem\u00fchen. Dies sei aufgrund der hier vorzufindenden Gegebenheiten durchaus m\u00f6glich.<\/p>\n<p>Der Landrat zeigte sich zuversichtlich, dass die Gemeinde Poppenhausen mit den Pr\u00e4dikaten \u201eLuftkurort Poppenhausen\u201c und \u201eErholungsort Rodhoz\u201c\u00c2\u00a0 auch weiter im Wirtschaftszweig Tourismus punkten werde. Wenn man wie Poppenhausen eigene Qualit\u00e4ten herausstelle, h\u00e4tte man in der Zukunft gute Chancen. Auch trage das in wirtschaftlich schwierigen Zeiten ver\u00e4nderte Verbraucherverhalten \u201eUrlaub wieder \u00f6fter im eigenen Land zu verbringen\u201c zur St\u00e4rkung der Tourismuswirtschaft in der Rh\u00f6n bei.<\/p>\n<p>Dar\u00fcber hinaus stellte Woide B\u00fcrgermeister Helfrich eine Zuwendung von ca. 31.000 Euro in Aussicht, die f\u00fcr die Erweiterung der Kinderbetreuung eingesetzt werden soll. Beides nahm der Rathaus-Chef sichtbar mit Freude entgegen. Die vielen Besucher, die das Von-Steinr\u00fcck-Haus bev\u00f6lkerten, konnten zwischen den Ansprachen und Gru\u00dfworten dem Pianisten Jan Polivka, ein Neub\u00fcrger von Poppenhausen, lauschen. Bei Kasseler, Wei\u00dfwurst, Sauerkraut und Brezel sowie einer Getr\u00e4nkeauswahl ging der Abend schlie\u00dflich mit einem gem\u00fctlichem Beisammensein und Meinungsaustausch zu Ende.<\/p>\n","protected":false},"excerpt":{"rendered":"<div class=\"tmnf_excerpt\"><p>Poppenhausen. Der Beginn der Jahresauftaktveranstaltung in Poppenhausen war in diesem Jahr anders als sonst: Bernd Burkhart informierte als Vorsitzender des zum Ende des Jahres 2009 gegr\u00fcndeten \u201eF\u00f6rderverein Grundschule Poppenhausen e.V.\u201c \u00fcber die Zielsetzung der Initiative und stellte den neuen Chor der Grundschule vor. Dieser wird von Rektor i.R. Johannes Neuwirth geleitet. Mit hellen Stimmen tr\u00e4llerte &hellip;<\/p>\n<\/div>","protected":false},"author":1,"featured_media":0,"comment_status":"closed","ping_status":"closed","sticky":false,"template":"","format":"standard","meta":{"footnotes":""},"categories":[1,44],"tags":[],"class_list":["post-50329","post","type-post","status-publish","format-standard","hentry","category-startseite","category-kultur"],"_links":{"self":[{"href":"https:\/\/www.fuldaernachrichten.de\/index.php?rest_route=\/wp\/v2\/posts\/50329","targetHints":{"allow":["GET"]}}],"collection":[{"href":"https:\/\/www.fuldaernachrichten.de\/index.php?rest_route=\/wp\/v2\/posts"}],"about":[{"href":"https:\/\/www.fuldaernachrichten.de\/index.php?rest_route=\/wp\/v2\/types\/post"}],"author":[{"embeddable":true,"href":"https:\/\/www.fuldaernachrichten.de\/index.php?rest_route=\/wp\/v2\/users\/1"}],"replies":[{"embeddable":true,"href":"https:\/\/www.fuldaernachrichten.de\/index.php?rest_route=%2Fwp%2Fv2%2Fcomments&post=50329"}],"version-history":[{"count":2,"href":"https:\/\/www.fuldaernachrichten.de\/index.php?rest_route=\/wp\/v2\/posts\/50329\/revisions"}],"predecessor-version":[{"id":50410,"href":"https:\/\/www.fuldaernachrichten.de\/index.php?rest_route=\/wp\/v2\/posts\/50329\/revisions\/50410"}],"wp:attachment":[{"href":"https:\/\/www.fuldaernachrichten.de\/index.php?rest_route=%2Fwp%2Fv2%2Fmedia&parent=50329"}],"wp:term":[{"taxonomy":"category","embeddable":true,"href":"https:\/\/www.fuldaernachrichten.de\/index.php?rest_route=%2Fwp%2Fv2%2Fcategories&post=50329"},{"taxonomy":"post_tag","embeddable":true,"href":"https:\/\/www.fuldaernachrichten.de\/index.php?rest_route=%2Fwp%2Fv2%2Ftags&post=50329"}],"curies":[{"name":"wp","href":"https:\/\/api.w.org\/{rel}","templated":true}]}}