{"id":50300,"date":"2010-01-25T04:37:55","date_gmt":"2010-01-25T03:37:55","guid":{"rendered":"http:\/\/www.schoene-nachrichten.de\/?p=50300"},"modified":"2010-01-25T08:38:03","modified_gmt":"2010-01-25T07:38:03","slug":"vortrag-wasserkraft-und-muehlen-in-der-rhoen","status":"publish","type":"post","link":"https:\/\/www.fuldaernachrichten.de\/?p=50300","title":{"rendered":"Vortrag \u201eWasserkraft und M\u00fchlen in der Rh\u00f6n\u201c"},"content":{"rendered":"<p><strong>Rh\u00f6n. <\/strong>Zu einem Vortrag \u201eWasserkraft und M\u00fchlen in der Rh\u00f6n\u201c laden das Biosph\u00e4renreservat Rh\u00f6n unter Leitung von Martin Kremer f\u00fcr Mittwoch, 27. Januar 2010, 19.00 Uhr, Stadthalle Kolpinghaus, H\u00fcnfeld, ein. Die Veranstaltung ist kostenfrei.<\/p>\n","protected":false},"excerpt":{"rendered":"<div class=\"tmnf_excerpt\"><p>Rh\u00f6n. Zu einem Vortrag \u201eWasserkraft und M\u00fchlen in der Rh\u00f6n\u201c laden das Biosph\u00e4renreservat Rh\u00f6n unter Leitung von Martin Kremer f\u00fcr Mittwoch, 27. Januar 2010, 19.00 Uhr, Stadthalle Kolpinghaus, H\u00fcnfeld, ein. Die Veranstaltung ist kostenfrei.<\/p>\n<\/div>","protected":false},"author":1,"featured_media":0,"comment_status":"closed","ping_status":"closed","sticky":false,"template":"","format":"standard","meta":{"footnotes":""},"categories":[1,53,48],"tags":[],"class_list":["post-50300","post","type-post","status-publish","format-standard","hentry","category-startseite","category-bildung","category-forschung"],"_links":{"self":[{"href":"https:\/\/www.fuldaernachrichten.de\/index.php?rest_route=\/wp\/v2\/posts\/50300","targetHints":{"allow":["GET"]}}],"collection":[{"href":"https:\/\/www.fuldaernachrichten.de\/index.php?rest_route=\/wp\/v2\/posts"}],"about":[{"href":"https:\/\/www.fuldaernachrichten.de\/index.php?rest_route=\/wp\/v2\/types\/post"}],"author":[{"embeddable":true,"href":"https:\/\/www.fuldaernachrichten.de\/index.php?rest_route=\/wp\/v2\/users\/1"}],"replies":[{"embeddable":true,"href":"https:\/\/www.fuldaernachrichten.de\/index.php?rest_route=%2Fwp%2Fv2%2Fcomments&post=50300"}],"version-history":[{"count":3,"href":"https:\/\/www.fuldaernachrichten.de\/index.php?rest_route=\/wp\/v2\/posts\/50300\/revisions"}],"predecessor-version":[{"id":50597,"href":"https:\/\/www.fuldaernachrichten.de\/index.php?rest_route=\/wp\/v2\/posts\/50300\/revisions\/50597"}],"wp:attachment":[{"href":"https:\/\/www.fuldaernachrichten.de\/index.php?rest_route=%2Fwp%2Fv2%2Fmedia&parent=50300"}],"wp:term":[{"taxonomy":"category","embeddable":true,"href":"https:\/\/www.fuldaernachrichten.de\/index.php?rest_route=%2Fwp%2Fv2%2Fcategories&post=50300"},{"taxonomy":"post_tag","embeddable":true,"href":"https:\/\/www.fuldaernachrichten.de\/index.php?rest_route=%2Fwp%2Fv2%2Ftags&post=50300"}],"curies":[{"name":"wp","href":"https:\/\/api.w.org\/{rel}","templated":true}]}}