{"id":50020,"date":"2010-01-15T15:59:49","date_gmt":"2010-01-15T14:59:49","guid":{"rendered":"http:\/\/www.schoene-nachrichten.de\/?p=50020"},"modified":"2010-01-15T15:59:49","modified_gmt":"2010-01-15T14:59:49","slug":"kulturschaufenster-jana-schwarz","status":"publish","type":"post","link":"https:\/\/www.fuldaernachrichten.de\/?p=50020","title":{"rendered":"Kulturschaufenster &#8211; Jana Schwarz"},"content":{"rendered":"<p>Osthessen ist reich an kulturellen Highlights und kreativer Manpower. Das zu zeigen ist der Sinn und Zweck des Kulturschaufensters. Jede Woche neu pr\u00e4sentieren die Macher des Formats einen neuen K\u00fcnstler in ihren Internetfilmen. Diese Woche &#8211; die Malerin und Grafikerin Jana Schwarz.<!--more--><\/p>\n<p>Jana Schwarz lebt heute in Langenbieber in der hessischen Rh\u00f6n, doch stammt sie aus Leipzig. Zeitgleich mit dem momentan so hoch gehandelten Maler Neo Rauch hat sie an der Akademie dort studiert und geh\u00f6rt damit der ber\u00fchmten \u201eLeipziger Schule\u201c an. Der ebenfalls prominente Maler Sieghard Gille war ihre Professor, sie seine Meistersch\u00fclerin. \u00c4hnlich wie bei Neo Rauch mischen sich auf ihren oft beklemmenden Bildern expressiv gestaltete realistische Bildmotive mit surrealen Raumsituationen und abstrakten Elementen. Doch findet sie eine ganz eigene, unverwechselbare Bildsprache. Das liegt auch daran, dass sie viel Biographisches in ihren Bildern verarbeitet. Traumatische Erfahrungen sind es, denen sie auf ihren Bildern Raum verschafft. Aber auch der Alltag in seiner engen Routine und seiner absurden Komik findet Eingang in die Bildwelt der Jana Schwarz. Komik ist das richtige Stichwort, denn die Ausstellung \u201eSchm\u00fccke dein Heim\u201c, in der Jana Schwarz ihre Bilder gemeinsam mit den Arbeiten von 5 anderen K\u00fcnstlern aus den drei Landesteilen der Rh\u00f6n in der Kunststation Kleinsassen zeigt, ist eine Ausstellung, die zeigt, dass junge zeitgen\u00f6ssische Kunst auch Witz hat.<\/p>\n<p>Die Ausstellung l\u00e4uft nur noch bis zum 17. Januar in der Kunststation Kleinsassen.<\/p>\n<p><strong><\/strong><\/p>\n<ol>\n<li><strong>Kommen Sie aus der Region oder hat es Sie ins Fuldaer Land verschlagen? Wie kam es dazu?<\/strong><br \/>\nMich hat es ins Fuldaer Land durch ein Stipendium in der Kunststation Kleinsassen aus Leipzig verschlagen.<\/li>\n<li><strong>Was sind Ihre n\u00e4chsten Projekte?<\/strong><br \/>\nIch werde mich f\u00fcr die Jahresausstellung 2010 in Leipzig bewerben, da ich daf\u00fcr vorgeschlagen wurde. Weiterhin hoffe ich, dass die Ausstellung &#8220;Schm\u00fccke dein Heim&#8221; noch einmal in Schweinfurt und M\u00fcnchen gezeigt wird.<\/li>\n<li><strong>Was w\u00fcrden Sie gern k\u00f6nnen\/ noch lernen?<\/strong><br \/>\nEDV Kenntnisse w\u00fcrde ich mir gern aneignen.<\/li>\n<li><strong>Was sehen Sie am liebsten im Fernsehen?<\/strong><br \/>\nArte und 3Sat wie z.B. Kulturbeitr\u00e4ge, Dokumentarfilme und Krimis<\/li>\n<li><strong>Was ist ihr Lieblingskunstwerk?<\/strong><br \/>\nEs gibt eine ganze Palette von Kunstwerken, die mir gefallen.<\/li>\n<li><strong>Was essen Sie ganz besonders gern? Was m\u00f6gen Sie gar nicht?<\/strong><br \/>\nIch mag Ente auf israelische Art, Sellerie nicht.<\/li>\n<li><strong>Was ist die bl\u00f6deste Frage, die ihnen jemals gestellt wurde?<\/strong><br \/>\nIch w\u00fcrde sagen: Frage 6.<\/li>\n<li><strong>Gibt es einen K\u00fcnstler in der Region, den Sie gut finden\/ bewundern\/ ganz besonders sch\u00e4tzen\/ verehren (Unzutreffendes bitte streichen)? Und warum?<br \/>\n<\/strong>Da m\u00f6chte ich mich nicht festlegen.<\/li>\n<li><strong>Welche Eigenschaft w\u00fcrden Sie sich am ehesten zuordnen?<\/strong><br \/>\nDas lasse ich lieber Andere beurteilen.<\/li>\n<li><strong>Was w\u00fcrden Sie mit einem Lottogewinn tun?<\/strong><br \/>\nIch w\u00fcrde mir einen guten Arbeitsraum und ausreichend Material kaufen.<\/li>\n<\/ol>\n","protected":false},"excerpt":{"rendered":"<div class=\"tmnf_excerpt\"><p>Osthessen ist reich an kulturellen Highlights und kreativer Manpower. Das zu zeigen ist der Sinn und Zweck des Kulturschaufensters. Jede Woche neu pr\u00e4sentieren die Macher des Formats einen neuen K\u00fcnstler in ihren Internetfilmen. Diese Woche &#8211; die Malerin und Grafikerin Jana Schwarz.<\/p>\n<\/div>","protected":false},"author":1,"featured_media":0,"comment_status":"closed","ping_status":"closed","sticky":false,"template":"","format":"standard","meta":{"footnotes":""},"categories":[1,79,44],"tags":[],"class_list":["post-50020","post","type-post","status-publish","format-standard","hentry","category-startseite","category-kino","category-kultur"],"_links":{"self":[{"href":"https:\/\/www.fuldaernachrichten.de\/index.php?rest_route=\/wp\/v2\/posts\/50020","targetHints":{"allow":["GET"]}}],"collection":[{"href":"https:\/\/www.fuldaernachrichten.de\/index.php?rest_route=\/wp\/v2\/posts"}],"about":[{"href":"https:\/\/www.fuldaernachrichten.de\/index.php?rest_route=\/wp\/v2\/types\/post"}],"author":[{"embeddable":true,"href":"https:\/\/www.fuldaernachrichten.de\/index.php?rest_route=\/wp\/v2\/users\/1"}],"replies":[{"embeddable":true,"href":"https:\/\/www.fuldaernachrichten.de\/index.php?rest_route=%2Fwp%2Fv2%2Fcomments&post=50020"}],"version-history":[{"count":2,"href":"https:\/\/www.fuldaernachrichten.de\/index.php?rest_route=\/wp\/v2\/posts\/50020\/revisions"}],"predecessor-version":[{"id":50022,"href":"https:\/\/www.fuldaernachrichten.de\/index.php?rest_route=\/wp\/v2\/posts\/50020\/revisions\/50022"}],"wp:attachment":[{"href":"https:\/\/www.fuldaernachrichten.de\/index.php?rest_route=%2Fwp%2Fv2%2Fmedia&parent=50020"}],"wp:term":[{"taxonomy":"category","embeddable":true,"href":"https:\/\/www.fuldaernachrichten.de\/index.php?rest_route=%2Fwp%2Fv2%2Fcategories&post=50020"},{"taxonomy":"post_tag","embeddable":true,"href":"https:\/\/www.fuldaernachrichten.de\/index.php?rest_route=%2Fwp%2Fv2%2Ftags&post=50020"}],"curies":[{"name":"wp","href":"https:\/\/api.w.org\/{rel}","templated":true}]}}