{"id":50018,"date":"2010-01-15T16:05:28","date_gmt":"2010-01-15T15:05:28","guid":{"rendered":"http:\/\/www.schoene-nachrichten.de\/?p=50018"},"modified":"2010-01-15T16:06:08","modified_gmt":"2010-01-15T15:06:08","slug":"kulturschaufenster-michael-bleuel","status":"publish","type":"post","link":"https:\/\/www.fuldaernachrichten.de\/?p=50018","title":{"rendered":"Kulturschaufenster &#8211; Michael Bleuel"},"content":{"rendered":"<p>Osthessen ist reich an kulturellen Highlights und kreativer Manpower. Das zu zeigen ist der Sinn und Zweck des Kulturschaufensters. Jede Woche neu pr\u00e4sentieren die Macher des Formats einen neuen K\u00fcnstler in ihren Internetfilmen. Diese Woche -\u00c2\u00a0 Der Comedian Michael Bleuel.<\/p>\n<p>Aus dem sch\u00f6nen Ort Hofbieber, der \u201eheimlichen Kulturhauptstadt der Rh\u00f6n\u201c, stammt Michael Bleuel und da lebt er auch heute noch. Das erkl\u00e4rt vielleicht den riesigen Fundus seiner verschrobenen und kauzigen Charaktere, die er gemeinsam mit seinem B\u00fchnenpartner Wolfgang Mihm auf die B\u00fchne bringt.<!--more--><\/p>\n<p>Seit 15 Jahren\u00c2\u00a0 arbeiten die beiden nun schon zusammen und haben sich dabei kontinuierlich weiterentwickelt. Mittlerweile ziehen sie unter dem Label \u201eWolf &amp; Bleuel\u201c durch die Republik und ihre Fangemeinde w\u00e4chst stetig. So hat man sie schon auf diversen Kleinkunstfestivals gesehen, darunter so renommierte Veranstaltungen wie die Tuttlinger Kr\u00e4he, der Rheinheimer Satirel\u00f6we, die Heilbronner Lorbeeren, die L\u00fcdenscheider L\u00fcsterklemme oder die deutsch-deutsche Kabarettgala. Sie sind aufgetreten vom kleinsten Keller bis zur Jahrhunderthalle Frankfurt und haben Deutschland von Cuxhaven bis Freiburg mit ihren B\u00fchnenprogrammen begl\u00fcckt. F\u00fcnf Eigenproduktionen haben sie gemeinsam entwickelt und zahlreiche Kooperationen mit Kollegen gestartet. In der Rh\u00f6n gibt es keinen Ort, in dem sie auftreten, dessen Gemeindesaal nicht binnen k\u00fcrzester Zeit ausverkauft ist. Wir g\u00f6nnen es ihnen und freuen uns auf alles, was uns Herr Mihm, alias \u201eWolf von Wegen\u201c und Herr Bleuel, alias \u201eHerr Bleuel\u201c, noch an niveauvoller Kleinkunst servieren werden.<\/p>\n<p>Am Freitag und Samstag, 15. und 16. Januar steht Herr Bleuel in der musikalisch-kabarettistischen Gemeinschaftsproduktion \u201eLate Night Special\u201c im Fuldaer Museumscaf\u00e9 auf der B\u00fchne. \u00dcbrigens: die Premiere eines neuen Programms.<\/p>\n<ol>\n<li><strong>Kommen Sie aus der Region oder hat es Sie ins Fuldaer Land verschlagen? Wie kam es dazu?<\/strong><br \/>\nIch bin ein Rh\u00f6ner und kann es nicht verbergen\u00e2\u20ac\u00a6die Aussprache verr\u00e4t mich.<\/li>\n<li><strong>Was sind Ihre n\u00e4chsten Projekte?<\/strong><br \/>\n2010 soll ein neues Abendprogramm f\u00fcr Wolf&amp;Bleuel entstehen.<br \/>\nUnser Projekt SEARA wollen wir wieder unterst\u00fctzen.<br \/>\nMeine K\u00fcche muss neu tapeziert werden<\/li>\n<li><strong>Was w\u00fcrden Sie gern k\u00f6nnen\/ noch lernen?<\/strong><br \/>\nSprache: Italienisch um mich in der Toskana verst\u00e4ndigen zu k\u00f6nnen und die Speisekarte der Pizzeria \u00fcbersetzen zu k\u00f6nnen<br \/>\nMusikalisch: witzige Instrumente erfinden, wie der Zupfhandschuh, oder das Siphonsaxopohn.<br \/>\nAllgemein: Bessere Statements zu Themen die mich interessieren abgeben zu k\u00f6nnen wie Tier- und Umweltschutz.<\/li>\n<li><strong>Was sehen Sie am liebsten im Fernsehen?<\/strong><br \/>\nDokumentationen und die Golden Girls<\/li>\n<li><strong>Was ist ihr Lieblingslied?<\/strong><br \/>\nScarborough Fair von Simon and Garfunkle<\/li>\n<li><strong>Was essen Sie ganz besonders gern? Was m\u00f6gen Sie gar nicht?<\/strong><br \/>\nRosmarinkartoffeln hui\u00e2\u20ac\u00a6gebackene Blutwurst pfui<\/li>\n<li><strong>Was ist die bl\u00f6deste Frage, die ihnen jemals gestellt wurde?<\/strong><br \/>\n\u201eHaben sie die gute Karte?\u201c<\/li>\n<li><strong>Gibt es einen K\u00fcnstler in der Region, den Sie gut finden\/ bewundern\/ ganz besonders sch\u00e4tzen\/ verehren (Unzutreffendes bitte streichen)? Und warum?<\/strong><br \/>\nAm meisten meinen B\u00fchnenpartner Wolfgang, weil er ein absolutes Gesp\u00fcr f\u00fcr Kunst hat.<br \/>\nmusikalisch und menschlich \u00e2\u20ac\u00a6Danny M\u00fcller<\/li>\n<li><strong>Welche Eigenschaft w\u00fcrden Sie sich am ehesten zuordnen?<\/strong><br \/>\nDa bin ich wohl eher der Preu\u00dfe: Zuverl\u00e4ssig und P\u00fcnktlich<\/li>\n<li><strong>Was w\u00fcrden Sie mit einem Lottogewinn tun?<\/strong><br \/>\nausgeben<\/li>\n<\/ol>\n","protected":false},"excerpt":{"rendered":"<div class=\"tmnf_excerpt\"><p>Osthessen ist reich an kulturellen Highlights und kreativer Manpower. Das zu zeigen ist der Sinn und Zweck des Kulturschaufensters. Jede Woche neu pr\u00e4sentieren die Macher des Formats einen neuen K\u00fcnstler in ihren Internetfilmen. Diese Woche -\u00c2\u00a0 Der Comedian Michael Bleuel. Aus dem sch\u00f6nen Ort Hofbieber, der \u201eheimlichen Kulturhauptstadt der Rh\u00f6n\u201c, stammt Michael Bleuel und da &hellip;<\/p>\n<\/div>","protected":false},"author":1,"featured_media":0,"comment_status":"closed","ping_status":"closed","sticky":false,"template":"","format":"standard","meta":{"footnotes":""},"categories":[1,79,44],"tags":[],"class_list":["post-50018","post","type-post","status-publish","format-standard","hentry","category-startseite","category-kino","category-kultur"],"_links":{"self":[{"href":"https:\/\/www.fuldaernachrichten.de\/index.php?rest_route=\/wp\/v2\/posts\/50018","targetHints":{"allow":["GET"]}}],"collection":[{"href":"https:\/\/www.fuldaernachrichten.de\/index.php?rest_route=\/wp\/v2\/posts"}],"about":[{"href":"https:\/\/www.fuldaernachrichten.de\/index.php?rest_route=\/wp\/v2\/types\/post"}],"author":[{"embeddable":true,"href":"https:\/\/www.fuldaernachrichten.de\/index.php?rest_route=\/wp\/v2\/users\/1"}],"replies":[{"embeddable":true,"href":"https:\/\/www.fuldaernachrichten.de\/index.php?rest_route=%2Fwp%2Fv2%2Fcomments&post=50018"}],"version-history":[{"count":3,"href":"https:\/\/www.fuldaernachrichten.de\/index.php?rest_route=\/wp\/v2\/posts\/50018\/revisions"}],"predecessor-version":[{"id":50024,"href":"https:\/\/www.fuldaernachrichten.de\/index.php?rest_route=\/wp\/v2\/posts\/50018\/revisions\/50024"}],"wp:attachment":[{"href":"https:\/\/www.fuldaernachrichten.de\/index.php?rest_route=%2Fwp%2Fv2%2Fmedia&parent=50018"}],"wp:term":[{"taxonomy":"category","embeddable":true,"href":"https:\/\/www.fuldaernachrichten.de\/index.php?rest_route=%2Fwp%2Fv2%2Fcategories&post=50018"},{"taxonomy":"post_tag","embeddable":true,"href":"https:\/\/www.fuldaernachrichten.de\/index.php?rest_route=%2Fwp%2Fv2%2Ftags&post=50018"}],"curies":[{"name":"wp","href":"https:\/\/api.w.org\/{rel}","templated":true}]}}