{"id":50,"date":"2006-11-24T00:09:27","date_gmt":"2006-11-23T23:09:27","guid":{"rendered":"http:\/\/www.schoene-nachrichten.de\/?p=50"},"modified":"2006-11-24T00:09:27","modified_gmt":"2006-11-23T23:09:27","slug":"agentur-fur-arbeit-organisiert-nachilfe","status":"publish","type":"post","link":"https:\/\/www.fuldaernachrichten.de\/?p=50","title":{"rendered":"Agentur f\u00fcr Arbeit organisiert Nachilfe"},"content":{"rendered":"<p><strong>Sch\u00f6nes aus Fulda.<\/strong> F\u00fcr Auszubildende, die Probleme mit dem Lernen, der deutschen Srache oder\u00c2\u00a0ihrem sozialen Umfeld haben, bietet die Agentur f\u00fcr Arbeit Fulda wieder ausbildungsbegleitende Hilfen (abH) an. Durchgef\u00fchrt werden die Ma\u00dfnahmen von der Prisma gGmbH in der Weserstra\u00dfe 9. Der Unterricht findet ein-bis zweimal w\u00f6chentlich, zum Teil auch samstags statt. Wie die Agentur mitteilte, gibt es noch freie Pl\u00e4tze. Die Teilnahme ist kostenlos und der Einstieg jederzeit m\u00f6glich. Jugendliche, Eltern, Betriebe oder Verwaltungen k\u00f6nnen sich wegen der abH an die Agentur f\u00fcr Arbeit Fulda\u00c2\u00a00661-17-604 oder an den Bildungstr\u00e4ger 0661 -9416312 wenden.<\/p>\n","protected":false},"excerpt":{"rendered":"<div class=\"tmnf_excerpt\"><p>Sch\u00f6nes aus Fulda. F\u00fcr Auszubildende, die Probleme mit dem Lernen, der deutschen Srache oder\u00c2\u00a0ihrem sozialen Umfeld haben, bietet die Agentur f\u00fcr Arbeit Fulda wieder ausbildungsbegleitende Hilfen (abH) an. Durchgef\u00fchrt werden die Ma\u00dfnahmen von der Prisma gGmbH in der Weserstra\u00dfe 9. Der Unterricht findet ein-bis zweimal w\u00f6chentlich, zum Teil auch samstags statt. Wie die Agentur mitteilte, &hellip;<\/p>\n<\/div>","protected":false},"author":1,"featured_media":0,"comment_status":"closed","ping_status":"closed","sticky":false,"template":"","format":"standard","meta":{"footnotes":""},"categories":[1],"tags":[],"class_list":["post-50","post","type-post","status-publish","format-standard","hentry","category-startseite"],"_links":{"self":[{"href":"https:\/\/www.fuldaernachrichten.de\/index.php?rest_route=\/wp\/v2\/posts\/50","targetHints":{"allow":["GET"]}}],"collection":[{"href":"https:\/\/www.fuldaernachrichten.de\/index.php?rest_route=\/wp\/v2\/posts"}],"about":[{"href":"https:\/\/www.fuldaernachrichten.de\/index.php?rest_route=\/wp\/v2\/types\/post"}],"author":[{"embeddable":true,"href":"https:\/\/www.fuldaernachrichten.de\/index.php?rest_route=\/wp\/v2\/users\/1"}],"replies":[{"embeddable":true,"href":"https:\/\/www.fuldaernachrichten.de\/index.php?rest_route=%2Fwp%2Fv2%2Fcomments&post=50"}],"version-history":[{"count":0,"href":"https:\/\/www.fuldaernachrichten.de\/index.php?rest_route=\/wp\/v2\/posts\/50\/revisions"}],"wp:attachment":[{"href":"https:\/\/www.fuldaernachrichten.de\/index.php?rest_route=%2Fwp%2Fv2%2Fmedia&parent=50"}],"wp:term":[{"taxonomy":"category","embeddable":true,"href":"https:\/\/www.fuldaernachrichten.de\/index.php?rest_route=%2Fwp%2Fv2%2Fcategories&post=50"},{"taxonomy":"post_tag","embeddable":true,"href":"https:\/\/www.fuldaernachrichten.de\/index.php?rest_route=%2Fwp%2Fv2%2Ftags&post=50"}],"curies":[{"name":"wp","href":"https:\/\/api.w.org\/{rel}","templated":true}]}}