{"id":4963,"date":"2007-08-31T01:50:11","date_gmt":"2007-08-30T23:50:11","guid":{"rendered":"http:\/\/www.schoene-nachrichten.de\/?p=4963"},"modified":"2007-08-31T01:50:43","modified_gmt":"2007-08-30T23:50:43","slug":"wissenschaftler-zu-gast-im-biosphaerenreservat-rhoen","status":"publish","type":"post","link":"https:\/\/www.fuldaernachrichten.de\/?p=4963","title":{"rendered":"Wissenschaftler zu Gast im Biosph\u00e4renreservat Rh\u00f6n"},"content":{"rendered":"<p><strong><a rel=\"lightbox[roadtrip]\" href=\"http:\/\/www.schoene-nachrichten.de\/wp-content\/uploads\/2007\/08\/070830_biosphaerenreservat.jpg\" title=\"070830_biosphaerenreservat.jpg\"><img decoding=\"async\" align=\"left\" src=\"http:\/\/www.schoene-nachrichten.de\/wp-content\/uploads\/2007\/08\/070830_biosphaerenreservat.thumbnail.jpg\" hspace=\"5\" alt=\"070830_biosphaerenreservat.jpg\" \/><\/a>Wirtschaft.<\/strong> Eine Woche bereisten zwei Mitarbeiter der Naturschutzverwaltung des Staatsforstministeriums aus China das Biosph\u00e4renreservat Rh\u00f6n. Die Chinesen waren einer Einladung des Bundesministeriums f\u00fcr Ern\u00e4hrung, Landwirtschaft und Verbraucherschutz zu einem mehrw\u00f6chigen Erfahrungsaustausch gefolgt. <!--more--><\/p>\n<p>In der hessischen Verwaltungsstelle des Biosph\u00e4renreservats informierten deren Leiter, Diplomingenieur Otto Evers, und Forstoberrat Ewald Sauer \u00fcber die Zielsetzungen der Biosph\u00e4renreservate allgemein und \u00fcber die besonderen Aufgabenstellungen in der Rh\u00f6n. Ein besonderes Augenmerk galt dabei der Einbindung in die Verwaltungsstruktur einer Kreisverwaltung auch unter dem Aspekt der Umsetzung von \u201eNatura 2000\u201c.<\/p>\n<p>Die chinesischen Wissenschaftler besuchten das Naturschutzgebiet Rotes Moor, den bundesweit bedeutenden Geotop Schafstein mit Kernzone und Blockmeeren sowie den Ibengarten in der th\u00fcringischen Rh\u00f6n mit den mehrere hundert Jahre alten Eiben-Veteranen. In der bayerischen Rh\u00f6n stellte Regierungsdirektor Michael Geier das Naturwaldreservat Gangolfsberg und eine Kernzone im Realteilungsgebiet bei Wegfurt vor.<\/p>\n<p>Die G\u00e4ste interessierten sich aber auch f\u00fcr die Wertsch\u00f6pfung und den Tourismus im Biosph\u00e4renreservat. Bei der Firma Menz-Holz in Reulbach und im Rh\u00f6nschaf-Hotel Krenzer in Seiferts erhielten sie Anregungen zur nachhaltigen Wirtschaftsentwicklung. Themen wie Rh\u00f6nschaf, Rh\u00f6ner Apfelinitiative, Gro\u00dffl\u00e4chenbeweidung und Landwirtschaft zur Erhaltung der Rh\u00f6n als Land der offenen Fernen wurden besprochen.<\/p>\n<p>Eine Besichtigung des Milseburg-Radwegs mit Tunnel und Darstellung der Artenschutzproblematik sowie der arch\u00e4ologische Lehrpfad an der Milseburg rundeten das Programm ab. Mit gro\u00dfer Aufmerksamkeit lie\u00dfen sich die G\u00e4ste aus China von Otto Evers die Geschichte der ehemaligen deutsch-deutschen Grenze am Beispiel am Point Alpha bei Rasdorf erkl\u00e4ren, bevor sie weiter reisten.<\/p>\n<p>Auch die Mitarbeiter der Verwaltungsstelle bekamen in dem regen Gedankenaustausch wertvolle Hintergrundinformationen zum Naturschutz und zur Holzverarbeitung in China.<\/p>\n","protected":false},"excerpt":{"rendered":"<div class=\"tmnf_excerpt\"><p>Wirtschaft. Eine Woche bereisten zwei Mitarbeiter der Naturschutzverwaltung des Staatsforstministeriums aus China das Biosph\u00e4renreservat Rh\u00f6n. Die Chinesen waren einer Einladung des Bundesministeriums f\u00fcr Ern\u00e4hrung, Landwirtschaft und Verbraucherschutz zu einem mehrw\u00f6chigen Erfahrungsaustausch gefolgt.<\/p>\n<\/div>","protected":false},"author":1,"featured_media":0,"comment_status":"closed","ping_status":"closed","sticky":false,"template":"","format":"standard","meta":{"footnotes":""},"categories":[1,44,52],"tags":[],"class_list":["post-4963","post","type-post","status-publish","format-standard","hentry","category-startseite","category-kultur","category-umwelt"],"_links":{"self":[{"href":"https:\/\/www.fuldaernachrichten.de\/index.php?rest_route=\/wp\/v2\/posts\/4963","targetHints":{"allow":["GET"]}}],"collection":[{"href":"https:\/\/www.fuldaernachrichten.de\/index.php?rest_route=\/wp\/v2\/posts"}],"about":[{"href":"https:\/\/www.fuldaernachrichten.de\/index.php?rest_route=\/wp\/v2\/types\/post"}],"author":[{"embeddable":true,"href":"https:\/\/www.fuldaernachrichten.de\/index.php?rest_route=\/wp\/v2\/users\/1"}],"replies":[{"embeddable":true,"href":"https:\/\/www.fuldaernachrichten.de\/index.php?rest_route=%2Fwp%2Fv2%2Fcomments&post=4963"}],"version-history":[{"count":0,"href":"https:\/\/www.fuldaernachrichten.de\/index.php?rest_route=\/wp\/v2\/posts\/4963\/revisions"}],"wp:attachment":[{"href":"https:\/\/www.fuldaernachrichten.de\/index.php?rest_route=%2Fwp%2Fv2%2Fmedia&parent=4963"}],"wp:term":[{"taxonomy":"category","embeddable":true,"href":"https:\/\/www.fuldaernachrichten.de\/index.php?rest_route=%2Fwp%2Fv2%2Fcategories&post=4963"},{"taxonomy":"post_tag","embeddable":true,"href":"https:\/\/www.fuldaernachrichten.de\/index.php?rest_route=%2Fwp%2Fv2%2Ftags&post=4963"}],"curies":[{"name":"wp","href":"https:\/\/api.w.org\/{rel}","templated":true}]}}