{"id":4952,"date":"2007-08-31T00:07:18","date_gmt":"2007-08-30T22:07:18","guid":{"rendered":"http:\/\/www.schoene-nachrichten.de\/?p=4952"},"modified":"2007-08-31T00:07:34","modified_gmt":"2007-08-30T22:07:34","slug":"rotes-moor-vulkanismus-und-wandel-der-rhoen","status":"publish","type":"post","link":"https:\/\/www.fuldaernachrichten.de\/?p=4952","title":{"rendered":"Rotes Moor, Vulkanismus und Wandel der Rh\u00f6n"},"content":{"rendered":"<p><strong>Termine. <\/strong>Auch im September bietet das Biosph\u00e4renreservat Rh\u00f6n verschiedene Veranstaltungen zu den Themen &#8220;Faszination Rotes Moor&#8221;, &#8220;Vulkane, Vulkanite und Vulkanismus&#8221; und zum &#8220;Wandel der Rh\u00f6n&#8221; an.<!--more--><\/p>\n<p><strong>Faszination Rotes Moor<\/strong><br \/>\nDie Biologin Ellen Plo\u00df l\u00e4dt in Zusammenarbeit mit dem Biosph\u00e4renreservat Rh\u00f6n zu einer naturkundlichen F\u00fchrung auf dem Bohlenpfad durch das Naturschutzgebiet Rotes Moor ein. Treffpunkt ist am Sonntag, den 23. September, um 14 Uhr am\u00c2\u00a0Parkplatz Moordorf (Haus am Roten Moor). Die Kosten betragen 2,50\u00c2\u00a0Euro pro Erwachsener, Kinder sind frei.<\/p>\n<p><strong>Vulkane, Vulkanite und Vulkanismus<\/strong><br \/>\nDas Biosph\u00e4renreservat Rh\u00f6n l\u00e4dt zu einer geologischen F\u00fchrung im Umfeld des Pferdskopfes\u00c2\u00a0am Sonntag, den 09. September, um\u00c2\u00a014 Uhr ein. Die Geologin Anna Leonhard wird auf den Vulkanismus des Rh\u00f6ngebirges eingehen. Treffpunkt ist am oberen Ende des Parkplatzes Guckaisee. Die Kosten betragen 2,50 Euro, Kinder sind frei.\u00c2\u00a0<\/p>\n<p><strong>Wanderung zum Wandel der Rh\u00f6n<\/strong>\u00c2\u00a0<br \/>\nDas Biosph\u00e4renreservat Rh\u00f6n l\u00e4dt zu einer\u00c2\u00a0drei- bis\u00c2\u00a0vierst\u00fcndigen Wanderung am Sonntag, den 9. September, mit dem &#8220;Rh\u00f6n-Ranger&#8221; Hubert Heger ein. Treffpunkt ist um 13 Uhr am Grillplatz &#8220;Roter Rain&#8221; in Ehrenberg-W\u00fcstensachsen. Hubert Heger zeigt im Rahmen der naturkundlichen Wanderung auf, wie sehr unsere heimische Landschaft in den letzten 100 Jahren einem Wandel unterworfen war. Auch die Zukunftsentwicklung der Kulturlandschaft Rh\u00f6n soll diskutiert werden. Die Veranstaltung ist kostenfrei.<\/p>\n","protected":false},"excerpt":{"rendered":"<div class=\"tmnf_excerpt\"><p>Termine. Auch im September bietet das Biosph\u00e4renreservat Rh\u00f6n verschiedene Veranstaltungen zu den Themen &#8220;Faszination Rotes Moor&#8221;, &#8220;Vulkane, Vulkanite und Vulkanismus&#8221; und zum &#8220;Wandel der Rh\u00f6n&#8221; an.<\/p>\n<\/div>","protected":false},"author":1,"featured_media":0,"comment_status":"closed","ping_status":"closed","sticky":false,"template":"","format":"standard","meta":{"footnotes":""},"categories":[1,53,44,52,48],"tags":[],"class_list":["post-4952","post","type-post","status-publish","format-standard","hentry","category-startseite","category-bildung","category-kultur","category-umwelt","category-forschung"],"_links":{"self":[{"href":"https:\/\/www.fuldaernachrichten.de\/index.php?rest_route=\/wp\/v2\/posts\/4952","targetHints":{"allow":["GET"]}}],"collection":[{"href":"https:\/\/www.fuldaernachrichten.de\/index.php?rest_route=\/wp\/v2\/posts"}],"about":[{"href":"https:\/\/www.fuldaernachrichten.de\/index.php?rest_route=\/wp\/v2\/types\/post"}],"author":[{"embeddable":true,"href":"https:\/\/www.fuldaernachrichten.de\/index.php?rest_route=\/wp\/v2\/users\/1"}],"replies":[{"embeddable":true,"href":"https:\/\/www.fuldaernachrichten.de\/index.php?rest_route=%2Fwp%2Fv2%2Fcomments&post=4952"}],"version-history":[{"count":0,"href":"https:\/\/www.fuldaernachrichten.de\/index.php?rest_route=\/wp\/v2\/posts\/4952\/revisions"}],"wp:attachment":[{"href":"https:\/\/www.fuldaernachrichten.de\/index.php?rest_route=%2Fwp%2Fv2%2Fmedia&parent=4952"}],"wp:term":[{"taxonomy":"category","embeddable":true,"href":"https:\/\/www.fuldaernachrichten.de\/index.php?rest_route=%2Fwp%2Fv2%2Fcategories&post=4952"},{"taxonomy":"post_tag","embeddable":true,"href":"https:\/\/www.fuldaernachrichten.de\/index.php?rest_route=%2Fwp%2Fv2%2Ftags&post=4952"}],"curies":[{"name":"wp","href":"https:\/\/api.w.org\/{rel}","templated":true}]}}