{"id":49286,"date":"2010-01-08T05:36:01","date_gmt":"2010-01-08T04:36:01","guid":{"rendered":"http:\/\/www.schoene-nachrichten.de\/?p=49286"},"modified":"2010-01-07T18:36:34","modified_gmt":"2010-01-07T17:36:34","slug":"archaeologie-ist-in-fulda-populaer","status":"publish","type":"post","link":"https:\/\/www.fuldaernachrichten.de\/?p=49286","title":{"rendered":"Arch\u00e4ologie ist in Fulda popul\u00e4r"},"content":{"rendered":"<p><strong><a href=\"http:\/\/www.schoene-nachrichten.de\/wp-content\/uploads\/2010\/01\/100107_Arch\u00e4ologie.jpg\"><img decoding=\"async\" class=\"alignleft size-thumbnail wp-image-49287\" title=\"100107_Arch\u00e4ologie\" src=\"http:\/\/www.schoene-nachrichten.de\/wp-content\/uploads\/2010\/01\/100107_Arch\u00e4ologie-265x175.jpg\" alt=\"100107_Arch\u00e4ologie\" width=\"265\" height=\"175\" \/><\/a>Fulda.<\/strong> Viel wertvolles Kulturgut ginge verloren, wenn es sie nicht gebe: Arch\u00e4ologen. Insbesondere bei der \u201eRettung historischer\u00c2\u00a0 Fundpl\u00e4tze ist der Beitrag kommunaler Arch\u00e4ologen unglaublich wichtig\u201c, unterstreicht Sprecher Jens May die Notwendigkeit ihrer Arbeit. In Wiesbaden erkunden Arch\u00e4ologen zur Zeit das Areal eines ehemaligen R\u00f6merlagers samt angrenzenden Gutshof.\u00c2\u00a0<!--more--><\/p>\n<p>In Zukunft sollen auf dem Gel\u00e4nde 300 amerikanische Familien wohnen, die vom ehemaligen US-Hauptquartier in Heidelberg in die hessische Landeshauptstadt umziehen.\u00c2\u00a0 Im Sommer vergangenen Jahres sorgte Fuldas Stadt und Kreisarch\u00e4ologe Dr. Frank Verse f\u00fcr Furore, indem er ein bronzezeitliches Grab im Stadtteil Tr\u00e4tzhof \u00f6ffnete, es erschloss und so wissenschaftlich dokumentieren konnte. Jetzt trafen\u00c2\u00a0 sich die Mitglieder\u00c2\u00a0 der &#8220;Kommission Kommunale Arch\u00e4ologie&#8221; auf ihrer 19. Sitzung zum Gedanken- und Meinungsaustausch zwischen Landes- und Kommunalarch\u00e4ologie in Fulda.<\/p>\n<p><strong>Verse ist Aush\u00e4ngeschild<\/strong><\/p>\n<p>Spezielle Themen beim aktuellen Treffen waren der &#8220;Umgang mit Grabungsdokumentationen und Funden&#8221;, &#8220;\u00d6ffentlichkeitsarbeit&#8221; sowie &#8220;Informationen zur Situation der Arch\u00e4ologie in den verschiedenen Bundesl\u00e4ndern, speziell in Hessen&#8221;. May bedauerte zu Beginn, dass gerade die Arch\u00e4ologie unter Personalabbau zu leiden habe. Fuldas Oberb\u00fcrgermeister und Kulturdezernent Gerhard M\u00f6ller verwies im Gegenzug auf den hohen Stellenwert, den die Arch\u00e4ologie in der Domstadt genie\u00dfe.<\/p>\n<p>Sie sei in der \u00d6ffentlichkeit \u201esehr popul\u00e4r\u201c und habe in Dr. Verse ein Aush\u00e4ngeschild. Mit ihm h\u00e4tten Stadt und Kreis die seit dem Tod seines Vorg\u00e4ngers Dr. Mathias M\u00fcller lange vakante Stelle wieder mit einem allseits gesch\u00e4tzten Experten besetzen k\u00f6nnen. \u201eWir sind gl\u00fccklich, dass er zu uns gekommen ist.\u201c Welche Rolle die Arch\u00e4ologie f\u00fcr Fulda spielt, belegte M\u00f6ller mit einem Hinweis auf die f\u00fcr die Gro\u00dfbaustelle Universit\u00e4tsplatz notwendigen Grabungen auf dem Gel\u00e4nde der Dalbergschule.<\/p>\n<p><a href=\"http:\/\/www.schoene-nachrichten.de\/wp-content\/uploads\/2010\/01\/100107_Arch\u00e4ologie2.jpg\"><img decoding=\"async\" class=\"alignnone size-thumbnail wp-image-49288\" title=\"100107_Arch\u00e4ologie2\" src=\"http:\/\/www.schoene-nachrichten.de\/wp-content\/uploads\/2010\/01\/100107_Arch\u00e4ologie2-265x175.jpg\" alt=\"100107_Arch\u00e4ologie2\" width=\"265\" height=\"175\" \/><\/a> <a href=\"http:\/\/www.schoene-nachrichten.de\/wp-content\/uploads\/2010\/01\/100107_Arch\u00e4ologie3.jpg\"><img decoding=\"async\" class=\"alignnone size-thumbnail wp-image-49289\" title=\"100107_Arch\u00e4ologie3\" src=\"http:\/\/www.schoene-nachrichten.de\/wp-content\/uploads\/2010\/01\/100107_Arch\u00e4ologie3-265x175.jpg\" alt=\"100107_Arch\u00e4ologie3\" width=\"265\" height=\"175\" \/><\/a>Im Erdreich unter dem Schulhof tauchten die Grundmauern eines der T\u00fcrme und der Graben der urspr\u00fcnglichen mittelalterlichen Stadtbefestigung Fuldas auf. Auch die Grabungsstelle am Tr\u00e4tzhof sei auf gro\u00dfes \u00f6ffentliches Interesse gesto\u00dfen.<\/p>\n<p><strong>Arch\u00e4ologen vor Ort<\/strong><\/p>\n<p>Wie zuvor auch schon May hob Dr. Vera Rupp, die die Gr\u00fc\u00dfe von Landesarch\u00e4ologe Professor Egon Schallmayer \u00fcberbrachte, die Bedeutung von Stadt- und Kreisarch\u00e4ologen hervor. \u201eSie sind unmittelbar vor Ort.\u201c F\u00fcr die Bezirksarch\u00e4ologen bestehe das Problem darin, \u201ekeinen Zugriff auf die Bauakten zu haben.\u201c<\/p>\n<p>\u201eWir sind auch nicht in die Genehmigungsverfahren integriert\u201c, sagte Rupp. Darum sei es gut, einen Kreisarch\u00e4ologen zu haben. Diese Funktion gibt es erst seit 1988 in Hessen. Damals sind die ersten Kreisarch\u00e4ologen eingestellt worden. Vera Rupp selbst begleitete in dieser Funktion die Arch\u00e4ologie 15 Jahre lang im Wetterau-Kreis. (mb)<\/p>\n","protected":false},"excerpt":{"rendered":"<div class=\"tmnf_excerpt\"><p>Fulda. Viel wertvolles Kulturgut ginge verloren, wenn es sie nicht gebe: Arch\u00e4ologen. Insbesondere bei der \u201eRettung historischer\u00c2\u00a0 Fundpl\u00e4tze ist der Beitrag kommunaler Arch\u00e4ologen unglaublich wichtig\u201c, unterstreicht Sprecher Jens May die Notwendigkeit ihrer Arbeit. In Wiesbaden erkunden Arch\u00e4ologen zur Zeit das Areal eines ehemaligen R\u00f6merlagers samt angrenzenden Gutshof.\u00c2\u00a0<\/p>\n<\/div>","protected":false},"author":1,"featured_media":0,"comment_status":"closed","ping_status":"closed","sticky":false,"template":"","format":"standard","meta":{"footnotes":""},"categories":[1,44],"tags":[],"class_list":["post-49286","post","type-post","status-publish","format-standard","hentry","category-startseite","category-kultur"],"_links":{"self":[{"href":"https:\/\/www.fuldaernachrichten.de\/index.php?rest_route=\/wp\/v2\/posts\/49286","targetHints":{"allow":["GET"]}}],"collection":[{"href":"https:\/\/www.fuldaernachrichten.de\/index.php?rest_route=\/wp\/v2\/posts"}],"about":[{"href":"https:\/\/www.fuldaernachrichten.de\/index.php?rest_route=\/wp\/v2\/types\/post"}],"author":[{"embeddable":true,"href":"https:\/\/www.fuldaernachrichten.de\/index.php?rest_route=\/wp\/v2\/users\/1"}],"replies":[{"embeddable":true,"href":"https:\/\/www.fuldaernachrichten.de\/index.php?rest_route=%2Fwp%2Fv2%2Fcomments&post=49286"}],"version-history":[{"count":3,"href":"https:\/\/www.fuldaernachrichten.de\/index.php?rest_route=\/wp\/v2\/posts\/49286\/revisions"}],"predecessor-version":[{"id":49295,"href":"https:\/\/www.fuldaernachrichten.de\/index.php?rest_route=\/wp\/v2\/posts\/49286\/revisions\/49295"}],"wp:attachment":[{"href":"https:\/\/www.fuldaernachrichten.de\/index.php?rest_route=%2Fwp%2Fv2%2Fmedia&parent=49286"}],"wp:term":[{"taxonomy":"category","embeddable":true,"href":"https:\/\/www.fuldaernachrichten.de\/index.php?rest_route=%2Fwp%2Fv2%2Fcategories&post=49286"},{"taxonomy":"post_tag","embeddable":true,"href":"https:\/\/www.fuldaernachrichten.de\/index.php?rest_route=%2Fwp%2Fv2%2Ftags&post=49286"}],"curies":[{"name":"wp","href":"https:\/\/api.w.org\/{rel}","templated":true}]}}