{"id":49272,"date":"2010-07-21T08:10:58","date_gmt":"2010-07-21T06:10:58","guid":{"rendered":"http:\/\/www.schoene-nachrichten.de\/?p=49272"},"modified":"2010-07-28T08:11:16","modified_gmt":"2010-07-28T06:11:16","slug":"neu-im-kino-karate-kid-kinostart-am-22-07-2010","status":"publish","type":"post","link":"https:\/\/www.fuldaernachrichten.de\/?p=49272","title":{"rendered":"Neu im Kino: Karate Kid &#8211; Kinostart am 22.07.2010"},"content":{"rendered":"<p><strong><a href=\"http:\/\/www.schoene-nachrichten.de\/wp-content\/uploads\/2010\/01\/100204_Karate.jpg\"><img fetchpriority=\"high\" decoding=\"async\" class=\"alignleft size-thumbnail wp-image-51536\" title=\"100204_Karate\" src=\"http:\/\/www.schoene-nachrichten.de\/wp-content\/uploads\/2010\/01\/100204_Karate-265x378.jpg\" alt=\"100204_Karate\" width=\"265\" height=\"378\" srcset=\"https:\/\/www.fuldaernachrichten.de\/wp-content\/uploads\/2010\/01\/100204_Karate-265x378.jpg 265w, https:\/\/www.fuldaernachrichten.de\/wp-content\/uploads\/2010\/01\/100204_Karate.jpg 399w\" sizes=\"(max-width: 265px) 100vw, 265px\" \/><\/a>Kino. <\/strong>Dre Parker (Jaden Smith) war einer der beliebtesten Jungen in seiner Heimatstadt Detroit, aber als seine Mutter (Taraji P. Henson) einen neuen Job im Ausland antritt, verschl\u00e4gt es den 12-J\u00e4hrigen nach China \u2013 und pl\u00f6tzlich ist nichts mehr wie zuvor. Kaum in Peking angekommen, verliebt sich Dre in seine Klassenkameradin Mei Ying, die auch f\u00fcr ihn zu schw\u00e4rmen beginnt. Doch schon bald m\u00fcssen die beiden die Erfahrung machen, dass ihre kulturellen Unterschiede eine solche Freundschaft unm\u00f6glich machen. Und als w\u00e4re das nicht schon schlimm genug, macht sich Dre durch seine Gef\u00fchle f\u00fcr Mei Ying auch noch den Klassenr\u00fcpel Cheng zum Feind, der ein ge\u00fcbter Kung-Fu-K\u00e4mpfer ist. Allein ohne Freunde in einem fremden Land, hat Dre niemanden, an den er sich wenden kann, au\u00dfer dem Hausmeister der Schule, Mr. Han (Jackie Chan), der insgeheim ein ber\u00fchmter Kung-Fu-Meister ist. Han bringt Dre bei, dass es beim Kung Fu nicht um das Austeilen von Schl\u00e4gen und Abwehren von Angriffen geht, sondern um Reife und innere Ruhe. Und Dre erkennt, dass es der Kampf seines Lebens wird, wenn er sich gegen\u00fcber Rivalen wie Cheng k\u00fcnftig behaupten will \u00e2\u20ac\u00a6<\/p>\n<p><strong>Kinostart: 12.08.2010<\/strong><\/p>\n","protected":false},"excerpt":{"rendered":"<div class=\"tmnf_excerpt\"><p>Kino. Dre Parker (Jaden Smith) war einer der beliebtesten Jungen in seiner Heimatstadt Detroit, aber als seine Mutter (Taraji P. Henson) einen neuen Job im Ausland antritt, verschl\u00e4gt es den 12-J\u00e4hrigen nach China \u2013 und pl\u00f6tzlich ist nichts mehr wie zuvor. Kaum in Peking angekommen, verliebt sich Dre in seine Klassenkameradin Mei Ying, die auch &hellip;<\/p>\n<\/div>","protected":false},"author":1,"featured_media":0,"comment_status":"closed","ping_status":"closed","sticky":false,"template":"","format":"standard","meta":{"footnotes":""},"categories":[1,79],"tags":[],"class_list":["post-49272","post","type-post","status-publish","format-standard","hentry","category-startseite","category-kino"],"_links":{"self":[{"href":"https:\/\/www.fuldaernachrichten.de\/index.php?rest_route=\/wp\/v2\/posts\/49272","targetHints":{"allow":["GET"]}}],"collection":[{"href":"https:\/\/www.fuldaernachrichten.de\/index.php?rest_route=\/wp\/v2\/posts"}],"about":[{"href":"https:\/\/www.fuldaernachrichten.de\/index.php?rest_route=\/wp\/v2\/types\/post"}],"author":[{"embeddable":true,"href":"https:\/\/www.fuldaernachrichten.de\/index.php?rest_route=\/wp\/v2\/users\/1"}],"replies":[{"embeddable":true,"href":"https:\/\/www.fuldaernachrichten.de\/index.php?rest_route=%2Fwp%2Fv2%2Fcomments&post=49272"}],"version-history":[{"count":10,"href":"https:\/\/www.fuldaernachrichten.de\/index.php?rest_route=\/wp\/v2\/posts\/49272\/revisions"}],"predecessor-version":[{"id":65711,"href":"https:\/\/www.fuldaernachrichten.de\/index.php?rest_route=\/wp\/v2\/posts\/49272\/revisions\/65711"}],"wp:attachment":[{"href":"https:\/\/www.fuldaernachrichten.de\/index.php?rest_route=%2Fwp%2Fv2%2Fmedia&parent=49272"}],"wp:term":[{"taxonomy":"category","embeddable":true,"href":"https:\/\/www.fuldaernachrichten.de\/index.php?rest_route=%2Fwp%2Fv2%2Fcategories&post=49272"},{"taxonomy":"post_tag","embeddable":true,"href":"https:\/\/www.fuldaernachrichten.de\/index.php?rest_route=%2Fwp%2Fv2%2Ftags&post=49272"}],"curies":[{"name":"wp","href":"https:\/\/api.w.org\/{rel}","templated":true}]}}