{"id":49241,"date":"2010-02-04T15:33:58","date_gmt":"2010-02-04T14:33:58","guid":{"rendered":"http:\/\/www.schoene-nachrichten.de\/?p=49241"},"modified":"2010-02-04T15:33:58","modified_gmt":"2010-02-04T14:33:58","slug":"kinostart-am-04-02-2010-neu-im-kino-welcome","status":"publish","type":"post","link":"https:\/\/www.fuldaernachrichten.de\/?p=49241","title":{"rendered":"Kinostart am 04.02.2010   Neu im Kino: Welcome"},"content":{"rendered":"<p><strong><a href=\"http:\/\/www.schoene-nachrichten.de\/wp-content\/uploads\/2010\/01\/100107_Welcome.jpg\"><img fetchpriority=\"high\" decoding=\"async\" class=\"alignleft size-thumbnail wp-image-49242\" title=\"100107_Welcome\" src=\"http:\/\/www.schoene-nachrichten.de\/wp-content\/uploads\/2010\/01\/100107_Welcome-265x378.jpg\" alt=\"100107_Welcome\" width=\"265\" height=\"378\" srcset=\"https:\/\/www.fuldaernachrichten.de\/wp-content\/uploads\/2010\/01\/100107_Welcome-265x378.jpg 265w, https:\/\/www.fuldaernachrichten.de\/wp-content\/uploads\/2010\/01\/100107_Welcome.jpg 592w\" sizes=\"(max-width: 265px) 100vw, 265px\" \/><\/a>Kino. <\/strong>Er gilt als der &#8220;Mount Everest&#8221; der Langstreckenschwimmer: Die 33 Kilometer des \u00c4rmelkanals zwischen Calais und Dover sind selbst f\u00fcr austrainierte Profis nur mit Begleitboot und viel Gl\u00fcck zu meistern. Aber davon l\u00e4sst sich der 17-J\u00e4hrige Bilal nicht abschrecken. Der junge Kurde hat sich nun mal in den Kopf gesetzt, nach England zu fliehen. Nichts kann ihn aufhalten, auch nicht die zehn Stunden in zehn Grad kaltem Wasser oder die 500 Schiffe, die hier jeden Tag unterwegs sind.<\/p>\n<p>Bilal (Firat Ayverdi) ist nicht der einzige, der in Calais festh\u00e4ngt, wo die Beh\u00f6rden die Fl\u00fcchtlinge und ihre humanit\u00e4ren Helfer mit allen legalen und halblegalen Mitteln schikanieren. Weil der Fluchtversuch als blinder Lkw-Passagier scheitert, sieht der junge Mann nur noch einen Weg. Er nimmt Trainingsstunden bei Simon (Vincent Lindon), dem \u00f6rtlichen Schwimmlehrer. Der steht den Schicksalen der hier Gestrandeten eher gleichg\u00fcltig gegen\u00fcber. Aber vielleicht k\u00f6nnte er mit einer menschenfreundlichen Aktion seine Frau zur\u00fcckgewinnen. Die hat bei ihrem Engagement f\u00fcr die Fl\u00fcchtlingshilfe einen Neuen lieben gelernt, der weniger soziale Ignoranz an den Tag legt als Simon.<\/p>\n<p><strong> Kinostart: 04.02.2010<\/strong><\/p>\n","protected":false},"excerpt":{"rendered":"<div class=\"tmnf_excerpt\"><p>Kino. Er gilt als der &#8220;Mount Everest&#8221; der Langstreckenschwimmer: Die 33 Kilometer des \u00c4rmelkanals zwischen Calais und Dover sind selbst f\u00fcr austrainierte Profis nur mit Begleitboot und viel Gl\u00fcck zu meistern. Aber davon l\u00e4sst sich der 17-J\u00e4hrige Bilal nicht abschrecken. Der junge Kurde hat sich nun mal in den Kopf gesetzt, nach England zu fliehen. &hellip;<\/p>\n<\/div>","protected":false},"author":1,"featured_media":0,"comment_status":"closed","ping_status":"closed","sticky":false,"template":"","format":"standard","meta":{"footnotes":""},"categories":[1,79],"tags":[],"class_list":["post-49241","post","type-post","status-publish","format-standard","hentry","category-startseite","category-kino"],"_links":{"self":[{"href":"https:\/\/www.fuldaernachrichten.de\/index.php?rest_route=\/wp\/v2\/posts\/49241","targetHints":{"allow":["GET"]}}],"collection":[{"href":"https:\/\/www.fuldaernachrichten.de\/index.php?rest_route=\/wp\/v2\/posts"}],"about":[{"href":"https:\/\/www.fuldaernachrichten.de\/index.php?rest_route=\/wp\/v2\/types\/post"}],"author":[{"embeddable":true,"href":"https:\/\/www.fuldaernachrichten.de\/index.php?rest_route=\/wp\/v2\/users\/1"}],"replies":[{"embeddable":true,"href":"https:\/\/www.fuldaernachrichten.de\/index.php?rest_route=%2Fwp%2Fv2%2Fcomments&post=49241"}],"version-history":[{"count":8,"href":"https:\/\/www.fuldaernachrichten.de\/index.php?rest_route=\/wp\/v2\/posts\/49241\/revisions"}],"predecessor-version":[{"id":51535,"href":"https:\/\/www.fuldaernachrichten.de\/index.php?rest_route=\/wp\/v2\/posts\/49241\/revisions\/51535"}],"wp:attachment":[{"href":"https:\/\/www.fuldaernachrichten.de\/index.php?rest_route=%2Fwp%2Fv2%2Fmedia&parent=49241"}],"wp:term":[{"taxonomy":"category","embeddable":true,"href":"https:\/\/www.fuldaernachrichten.de\/index.php?rest_route=%2Fwp%2Fv2%2Fcategories&post=49241"},{"taxonomy":"post_tag","embeddable":true,"href":"https:\/\/www.fuldaernachrichten.de\/index.php?rest_route=%2Fwp%2Fv2%2Ftags&post=49241"}],"curies":[{"name":"wp","href":"https:\/\/api.w.org\/{rel}","templated":true}]}}