{"id":49231,"date":"2010-01-07T06:40:58","date_gmt":"2010-01-07T05:40:58","guid":{"rendered":"http:\/\/www.schoene-nachrichten.de\/?p=49231"},"modified":"2010-01-15T16:41:53","modified_gmt":"2010-01-15T15:41:53","slug":"3-schaugartenwettbewerb-anlaesslich-des-furstlichen-gartenfestes-ausgelobt","status":"publish","type":"post","link":"https:\/\/www.fuldaernachrichten.de\/?p=49231","title":{"rendered":"3. Schaugartenwettbewerb anl\u00e4sslich des \u201eFu\u00cc\u02c6rstlichen Gartenfestes\u201c ausgelobt"},"content":{"rendered":"<p><strong><a href=\"http:\/\/www.schoene-nachrichten.de\/wp-content\/uploads\/2010\/01\/100107_Gartenfest.jpg\"><img decoding=\"async\" class=\"alignleft size-thumbnail wp-image-49232\" title=\"100107_Gartenfest\" src=\"http:\/\/www.schoene-nachrichten.de\/wp-content\/uploads\/2010\/01\/100107_Gartenfest.jpg\" alt=\"100107_Gartenfest\" width=\"560\" srcset=\"https:\/\/www.fuldaernachrichten.de\/wp-content\/uploads\/2010\/01\/100107_Gartenfest.jpg 592w, https:\/\/www.fuldaernachrichten.de\/wp-content\/uploads\/2010\/01\/100107_Gartenfest-265x205.jpg 265w\" sizes=\"(max-width: 592px) 100vw, 592px\" \/><\/a><\/strong><\/p>\n<p><strong>Fulda. <\/strong>Bereits zum 3. Mal wurde anl\u00e4sslich des \u201eFu\u00cc\u02c6rstlichen Gartenfestes\u201c Schloss Fasanerie, welches vom 21. \u2013 24. Mai 2010 stattfindet, ein Schaugartenwettbewerb ausgelobt. Das Sonderthema lautet \u201eWasser im Garten &#8211; Lebendiger Quell, Faszinierendes Blau\u201c. In 2008 wurden die Entwu\u00cc\u02c6rfe fu\u00cc\u02c6r den Schach- und Generationengarten der Firma Raumgewinn Kassel realisiert. In 2009 konnte sich das Architekturbu\u00cc\u02c6ro Schulenburg Projects London mit dem Schaugarten \u201eMy Earth Share\u201c auf dem Fu\u00cc\u02c6rstlichen Gartenfest pr\u00e4sentieren.<!--more--><\/p>\n<p>Fu\u00cc\u02c6r das Schaugartenprojekt 2010 werden wieder kreative und engagierte Landschaftsarchitekten gesucht, die Freude daran haben, einen Schaugarten zum aktuellen Sonderthema zu planen, die Realisierung in Kooperation mit einem Landschaftsg\u00e4rtner umzusetzen und sich mit einem solchen Projekt im Rahmen des Fu\u00cc\u02c6rstlichen Gartenfestes zu pr\u00e4sentieren. N\u00e4here Informationen zum Fu\u00cc\u02c6rstlichen Gartenfest finden Sie unter <a href=\"http:\/\/www.gartenfest.de\" target=\"_blank\">www.gartenfest.de<\/a>.<\/p>\n","protected":false},"excerpt":{"rendered":"<div class=\"tmnf_excerpt\"><p>Fulda. Bereits zum 3. Mal wurde anl\u00e4sslich des \u201eFu\u00cc\u02c6rstlichen Gartenfestes\u201c Schloss Fasanerie, welches vom 21. \u2013 24. Mai 2010 stattfindet, ein Schaugartenwettbewerb ausgelobt. Das Sonderthema lautet \u201eWasser im Garten &#8211; Lebendiger Quell, Faszinierendes Blau\u201c. In 2008 wurden die Entwu\u00cc\u02c6rfe fu\u00cc\u02c6r den Schach- und Generationengarten der Firma Raumgewinn Kassel realisiert. In 2009 konnte sich das Architekturbu\u00cc\u02c6ro &hellip;<\/p>\n<\/div>","protected":false},"author":1,"featured_media":0,"comment_status":"closed","ping_status":"closed","sticky":false,"template":"","format":"standard","meta":{"footnotes":""},"categories":[1,44,78],"tags":[],"class_list":["post-49231","post","type-post","status-publish","format-standard","hentry","category-startseite","category-kultur","category-topthema"],"_links":{"self":[{"href":"https:\/\/www.fuldaernachrichten.de\/index.php?rest_route=\/wp\/v2\/posts\/49231","targetHints":{"allow":["GET"]}}],"collection":[{"href":"https:\/\/www.fuldaernachrichten.de\/index.php?rest_route=\/wp\/v2\/posts"}],"about":[{"href":"https:\/\/www.fuldaernachrichten.de\/index.php?rest_route=\/wp\/v2\/types\/post"}],"author":[{"embeddable":true,"href":"https:\/\/www.fuldaernachrichten.de\/index.php?rest_route=\/wp\/v2\/users\/1"}],"replies":[{"embeddable":true,"href":"https:\/\/www.fuldaernachrichten.de\/index.php?rest_route=%2Fwp%2Fv2%2Fcomments&post=49231"}],"version-history":[{"count":5,"href":"https:\/\/www.fuldaernachrichten.de\/index.php?rest_route=\/wp\/v2\/posts\/49231\/revisions"}],"predecessor-version":[{"id":50027,"href":"https:\/\/www.fuldaernachrichten.de\/index.php?rest_route=\/wp\/v2\/posts\/49231\/revisions\/50027"}],"wp:attachment":[{"href":"https:\/\/www.fuldaernachrichten.de\/index.php?rest_route=%2Fwp%2Fv2%2Fmedia&parent=49231"}],"wp:term":[{"taxonomy":"category","embeddable":true,"href":"https:\/\/www.fuldaernachrichten.de\/index.php?rest_route=%2Fwp%2Fv2%2Fcategories&post=49231"},{"taxonomy":"post_tag","embeddable":true,"href":"https:\/\/www.fuldaernachrichten.de\/index.php?rest_route=%2Fwp%2Fv2%2Ftags&post=49231"}],"curies":[{"name":"wp","href":"https:\/\/api.w.org\/{rel}","templated":true}]}}