{"id":49226,"date":"2010-01-07T05:12:29","date_gmt":"2010-01-07T04:12:29","guid":{"rendered":"http:\/\/www.schoene-nachrichten.de\/?p=49226"},"modified":"2010-01-07T18:38:37","modified_gmt":"2010-01-07T17:38:37","slug":"arbeitsplaetze-fur-schwerbehinderte-arbeitsagentur-uberpruft-beschaeftigungspflicht","status":"publish","type":"post","link":"https:\/\/www.fuldaernachrichten.de\/?p=49226","title":{"rendered":"Arbeitspl\u00e4tze fu\u00cc\u02c6r Schwerbehinderte Arbeitsagentur u\u00cc\u02c6berpru\u00cc\u02c6ft Besch\u00e4ftigungspflicht"},"content":{"rendered":"<p><strong><a href=\"http:\/\/www.schoene-nachrichten.de\/wp-content\/uploads\/2010\/01\/100107_Besch\u00e4ftigungspflicht.jpg\"><img decoding=\"async\" class=\"alignleft size-thumbnail wp-image-49229\" title=\"100107_Besch\u00e4ftigungspflicht\" src=\"http:\/\/www.schoene-nachrichten.de\/wp-content\/uploads\/2010\/01\/100107_Besch\u00e4ftigungspflicht-265x179.jpg\" alt=\"100107_Besch\u00e4ftigungspflicht\" width=\"265\" height=\"179\" \/><\/a>Bad Hersfeld. <\/strong>Private und \u00f6ffentliche Arbeitgeber mit mindestens 20 Arbeitspl\u00e4tzen erhalten in diesen Tagen Post von der Agentur f\u00fcr Arbeit. Sie sind gesetzlich verpflichtet, auf mindestens f\u00fcnf Prozent der Arbeitspl\u00e4tze schwerbehinderte Menschen zu besch\u00e4ftigen. Ob diese Verpflichtung erf\u00fcllt wird, \u00fcberpr\u00fcft die Arbeitsagentur. Arbeitgeber, die ihrer Besch\u00e4ftigungsverpflichtung nicht nachkommen, m\u00fcssen eine Ausgleichsabgabe zahlen. Die H\u00f6he dieser Abgabe ist abh\u00e4ngig von der tats\u00e4chlichen Besch\u00e4ftigungsquote.<!--more--><\/p>\n<p>Bis sp\u00e4testens 31. M\u00e4rz m\u00fcssen die betreffenden Arbeitgeber der Agentur f\u00fcr Arbeit Bad Hersfeld ihre Besch\u00e4ftigungsdaten f\u00fcr das abgelaufene Jahr 2009 anzeigen. Dies ist auch in elektronischer Form m\u00f6glich. Das daf\u00fcr notwendige Programm kann unter <a href=\"http:\/\/www.rehadat-elan.de\" target=\"_blank\">www.rehadat-elan.de<\/a> kostenlos herunter geladen werden. Auf dieser Website finden die Arbeitgeber weiterhin Informationen zur Installation und zur Anwendung des Programms.<\/p>\n<p>Auch besch\u00e4ftigungspflichtige Arbeitgeber, die keine Unterlagen von der Arbeitsagentur erhalten, sind anzeigepflichtig. Zu weiteren Fragen und Informationen rund um das Anzeigeverfahren und die Pflicht schwerbehinderte Menschen zu besch\u00e4ftigen, k\u00f6nnen sich Arbeitgeber t\u00e4glich zwischen 8 und 12 Uhr unter Telefon 0 66 21 \/ 209 &#8211; 308 an die Agentur f\u00fcr Arbeit Bad Hersfeld wenden.<\/p>\n","protected":false},"excerpt":{"rendered":"<div class=\"tmnf_excerpt\"><p>Bad Hersfeld. Private und \u00f6ffentliche Arbeitgeber mit mindestens 20 Arbeitspl\u00e4tzen erhalten in diesen Tagen Post von der Agentur f\u00fcr Arbeit. Sie sind gesetzlich verpflichtet, auf mindestens f\u00fcnf Prozent der Arbeitspl\u00e4tze schwerbehinderte Menschen zu besch\u00e4ftigen. Ob diese Verpflichtung erf\u00fcllt wird, \u00fcberpr\u00fcft die Arbeitsagentur. Arbeitgeber, die ihrer Besch\u00e4ftigungsverpflichtung nicht nachkommen, m\u00fcssen eine Ausgleichsabgabe zahlen. Die H\u00f6he dieser &hellip;<\/p>\n<\/div>","protected":false},"author":1,"featured_media":0,"comment_status":"closed","ping_status":"closed","sticky":false,"template":"","format":"standard","meta":{"footnotes":""},"categories":[1],"tags":[],"class_list":["post-49226","post","type-post","status-publish","format-standard","hentry","category-startseite"],"_links":{"self":[{"href":"https:\/\/www.fuldaernachrichten.de\/index.php?rest_route=\/wp\/v2\/posts\/49226","targetHints":{"allow":["GET"]}}],"collection":[{"href":"https:\/\/www.fuldaernachrichten.de\/index.php?rest_route=\/wp\/v2\/posts"}],"about":[{"href":"https:\/\/www.fuldaernachrichten.de\/index.php?rest_route=\/wp\/v2\/types\/post"}],"author":[{"embeddable":true,"href":"https:\/\/www.fuldaernachrichten.de\/index.php?rest_route=\/wp\/v2\/users\/1"}],"replies":[{"embeddable":true,"href":"https:\/\/www.fuldaernachrichten.de\/index.php?rest_route=%2Fwp%2Fv2%2Fcomments&post=49226"}],"version-history":[{"count":2,"href":"https:\/\/www.fuldaernachrichten.de\/index.php?rest_route=\/wp\/v2\/posts\/49226\/revisions"}],"predecessor-version":[{"id":49299,"href":"https:\/\/www.fuldaernachrichten.de\/index.php?rest_route=\/wp\/v2\/posts\/49226\/revisions\/49299"}],"wp:attachment":[{"href":"https:\/\/www.fuldaernachrichten.de\/index.php?rest_route=%2Fwp%2Fv2%2Fmedia&parent=49226"}],"wp:term":[{"taxonomy":"category","embeddable":true,"href":"https:\/\/www.fuldaernachrichten.de\/index.php?rest_route=%2Fwp%2Fv2%2Fcategories&post=49226"},{"taxonomy":"post_tag","embeddable":true,"href":"https:\/\/www.fuldaernachrichten.de\/index.php?rest_route=%2Fwp%2Fv2%2Ftags&post=49226"}],"curies":[{"name":"wp","href":"https:\/\/api.w.org\/{rel}","templated":true}]}}