{"id":49196,"date":"2010-01-07T10:57:22","date_gmt":"2010-01-07T09:57:22","guid":{"rendered":"http:\/\/www.schoene-nachrichten.de\/?p=49196"},"modified":"2010-01-07T10:57:22","modified_gmt":"2010-01-07T09:57:22","slug":"das-jubilaeumsjahr-von-mediana-mobil-im-rueckblick","status":"publish","type":"post","link":"https:\/\/www.fuldaernachrichten.de\/?p=49196","title":{"rendered":"Das Jubil\u00e4umsjahr von Mediana Mobil im R\u00fcckblick"},"content":{"rendered":"<p><strong><a href=\"http:\/\/www.schoene-nachrichten.de\/wp-content\/uploads\/2010\/01\/100106_Mediana.jpg\"><img decoding=\"async\" class=\"alignleft size-thumbnail wp-image-49197\" title=\"100106_Mediana\" src=\"http:\/\/www.schoene-nachrichten.de\/wp-content\/uploads\/2010\/01\/100106_Mediana-265x176.jpg\" alt=\"100106_Mediana\" width=\"265\" height=\"176\" srcset=\"https:\/\/www.fuldaernachrichten.de\/wp-content\/uploads\/2010\/01\/100106_Mediana-265x176.jpg 265w, https:\/\/www.fuldaernachrichten.de\/wp-content\/uploads\/2010\/01\/100106_Mediana.jpg 592w\" sizes=\"(max-width: 265px) 100vw, 265px\" \/><\/a>Fulda. <\/strong>Auf ein ereignis- und erfolgreiches Jubil\u00e4umsjahr kann Mediana Mobil zur\u00fcckschauen: 2009 feierte der ambulante Dienstleister mit vielen Aktionen sein 15-j\u00e4hriges Bestehen. \u201eSehr sch\u00f6n fanden wir beispielsweise, dass sich unsere Kunden mit uns gefreut haben\u201c, betonen Markus Otto, Leiter von Mediana Mobil, und Pflegedienstleiter Hartmut A. Schwab.<!--more--><\/p>\n<p>Durch das Jahr begleitete die Kunden ein Kalender mit Fotos von Dieter Weinstock, der die gro\u00dfe Leistungspalette des Jubilars pfiffig darstellte. Besondere, kurzweilige Angebote f\u00fcr sie waren au\u00dferdem eine Krippenfahrt, ein Busausflug zum Hoherodskopf sowie ein Bunter Nachmittag im Vereinsheim der Fuldaer Turnerschaft.<\/p>\n<p>\u201eAuch die Stammtische einmal im Quartal kommen sehr gut an, wobei einer von ihnen als Grillabend vor dem Mehrgenerationenhaus gestaltet wurde\u201c, erkl\u00e4ren Otto und Schwab. Auch f\u00fcr diejenigen, die vielleicht Kunden werden wollen, waren die \u201eTage der Offenen Sozialstation\u201c im Fuldaer Josefsgarten und in Neuhof gedacht.<\/p>\n<p>\u201eNat\u00fcrlich haben auch unsere Besch\u00e4ftigten vom Jubil\u00e4um profitiert\u201c, unterstreicht Markus Otto. W\u00e4hrend einer Feier konnten sogar f\u00fcnf Gr\u00fcndungsmitarbeiter f\u00fcr ihre Treue geehrt werden. Au\u00dferdem gab es f\u00fcr die Besch\u00e4ftigten, wie der Leiter erl\u00e4utert, eine neue Dienstkleidung und eine h\u00f6here Verg\u00fctung. Erneuert wurde zudem die Autoflotte von Mediana Mobil, die jetzt aus wei\u00dfen Ford-Ka-Flitzern mit blauen Schriftz\u00fcgen besteht.<\/p>\n<p>Im Jubil\u00e4umsjahr hat sich nicht zuletzt das fachliche Angebotsspektrum dieses Dienstleiters erweitert. \u201eSeit 2009 f\u00fchren wir bei mehreren Kunden (sowohl im Kindesalter als auch bei Erwachsenen und Senioren), die 24-st\u00fcndige Intensivpflege durch.Bei einem der erwachsenen Patienten ist dies mit Beatmungspflege verbunden\u201c, schildert Hartmut A. Schwab. Hinzu kam bei Mediana Mobil neben dem Hausnotruf auch die Familienpflege.<\/p>\n<p>Wenn Mutter oder Vater beispielsweise im Krankenhaus behandelt werden, finanziert die Krankenkasse einen Ersatz f\u00fcr den Haushaltsvorstand. \u201eIn solchen Situationen k\u00f6nnen wir Alltagsbetreuerinnen ebenso einsetzen wie eine Hauswirtschafterin, die wir Anfang 2009 eingestellt haben\u201c, so Markus Otto.<\/p>\n<p>Mediana Mobil hat sein Jubil\u00e4um auch in der \u00d6ffentlichkeit kommuniziert, ein neuer Internet-Auftritt ist in Arbeit. Besonderes Highlight dieses Jahres war, dass der Medizinische Dienst der Krankenkassen (MDK) den ambulanten Dienstleister mit sehr erfreulichem Ergebnis getestet hat. Hierzu wird noch ausf\u00fchrlich informiert. Aber auch f\u00fcr 2010 stehen im vielf\u00e4ltige neue Angebote f\u00fcr die Kunden auf der Agenda, damit der Slogan \u201e\u00e2\u20ac\u00a6daheim gut umsorgt\u201c auch weiterhin verbessert wird.<\/p>\n","protected":false},"excerpt":{"rendered":"<div class=\"tmnf_excerpt\"><p>Fulda. Auf ein ereignis- und erfolgreiches Jubil\u00e4umsjahr kann Mediana Mobil zur\u00fcckschauen: 2009 feierte der ambulante Dienstleister mit vielen Aktionen sein 15-j\u00e4hriges Bestehen. \u201eSehr sch\u00f6n fanden wir beispielsweise, dass sich unsere Kunden mit uns gefreut haben\u201c, betonen Markus Otto, Leiter von Mediana Mobil, und Pflegedienstleiter Hartmut A. Schwab.<\/p>\n<\/div>","protected":false},"author":1,"featured_media":0,"comment_status":"closed","ping_status":"closed","sticky":false,"template":"","format":"standard","meta":{"footnotes":""},"categories":[1],"tags":[],"class_list":["post-49196","post","type-post","status-publish","format-standard","hentry","category-startseite"],"_links":{"self":[{"href":"https:\/\/www.fuldaernachrichten.de\/index.php?rest_route=\/wp\/v2\/posts\/49196","targetHints":{"allow":["GET"]}}],"collection":[{"href":"https:\/\/www.fuldaernachrichten.de\/index.php?rest_route=\/wp\/v2\/posts"}],"about":[{"href":"https:\/\/www.fuldaernachrichten.de\/index.php?rest_route=\/wp\/v2\/types\/post"}],"author":[{"embeddable":true,"href":"https:\/\/www.fuldaernachrichten.de\/index.php?rest_route=\/wp\/v2\/users\/1"}],"replies":[{"embeddable":true,"href":"https:\/\/www.fuldaernachrichten.de\/index.php?rest_route=%2Fwp%2Fv2%2Fcomments&post=49196"}],"version-history":[{"count":2,"href":"https:\/\/www.fuldaernachrichten.de\/index.php?rest_route=\/wp\/v2\/posts\/49196\/revisions"}],"predecessor-version":[{"id":49220,"href":"https:\/\/www.fuldaernachrichten.de\/index.php?rest_route=\/wp\/v2\/posts\/49196\/revisions\/49220"}],"wp:attachment":[{"href":"https:\/\/www.fuldaernachrichten.de\/index.php?rest_route=%2Fwp%2Fv2%2Fmedia&parent=49196"}],"wp:term":[{"taxonomy":"category","embeddable":true,"href":"https:\/\/www.fuldaernachrichten.de\/index.php?rest_route=%2Fwp%2Fv2%2Fcategories&post=49196"},{"taxonomy":"post_tag","embeddable":true,"href":"https:\/\/www.fuldaernachrichten.de\/index.php?rest_route=%2Fwp%2Fv2%2Ftags&post=49196"}],"curies":[{"name":"wp","href":"https:\/\/api.w.org\/{rel}","templated":true}]}}