{"id":4902,"date":"2007-08-29T00:45:17","date_gmt":"2007-08-28T22:45:17","guid":{"rendered":"http:\/\/www.schoene-nachrichten.de\/?p=4902"},"modified":"2007-08-29T00:47:02","modified_gmt":"2007-08-28T22:47:02","slug":"kulinarische-angebote-und-stilvolles-ambiente-im-neuen-ritter","status":"publish","type":"post","link":"https:\/\/www.fuldaernachrichten.de\/?p=4902","title":{"rendered":"Kulinarische Angebote und stilvolles Ambiente im neuen &#8220;Ritter&#8221;"},"content":{"rendered":"<p><strong><a rel=\"lightbox[roadtrip]\" href=\"http:\/\/www.schoene-nachrichten.de\/wp-content\/uploads\/2007\/08\/070827_ritter.jpg\" title=\"070827_ritter.jpg\"><img decoding=\"async\" align=\"left\" src=\"http:\/\/www.schoene-nachrichten.de\/wp-content\/uploads\/2007\/08\/070827_ritter.thumbnail.jpg\" hspace=\"5\" alt=\"070827_ritter.jpg\" \/><\/a>Sch\u00f6nes aus Fulda.<\/strong> Im Ritter geht\u00e2\u20ac\u2122s weiter. Klaus J\u00fcnemann, der vielen als Chefkoch des Hotels Kurf\u00fcrst bestens bekannt ist, hat gemeinsam mit seiner Ehefrau Silke den Gastronomiebereich des Traditionshauses \u00fcbernommen. Neue Hotelchefin ist Katja Rupscheit-Kuschke. Zuletzt hatte die geb\u00fcrtige Nordrhein-Westf\u00e4lin das H\u00fcnfelder Konrad-Zuse-Hotel gef\u00fchrt. Mit Rupscheit-Kuschke und J\u00fcnemann haben zwei erfahrene und versierte Experten das Fuldaer Traditionshaus in der Kanalstra\u00dfe \u00fcbernommen. <!--more--><\/p>\n<p>Zum Neustart an einem exponierten Platz in der Altstadt gratulierte Verwaltungschef Gerhard M\u00f6ller. Fuldas Wirtschaftsdezernent hob bei einem kurzen Rundgang durch Hotel und Gastst\u00e4tte hervor, wie wichtig es sei, dass die Tradition des \u201eRitter\u201c als ein Haus mit gehobenem Standard und Qualit\u00e4t durch eine erfahrene Doppelspitze fortgef\u00fchrt werde.<\/p>\n<p>Nach einer mehrw\u00f6chigen Grundrenovierung haben sowohl das Hotel als auch der Gastrobereich ein neues frisches und schickes Design erhalten. Zarte Gelb- und Gr\u00fcnt\u00f6ne dominieren in den Zimmern. Im \u00fcberdachten Lichtinnenhof, der die einzelnen Etagen im Zimmer erschlie\u00dft, haben sich die Innenarchitekten mit einem belichteten Terrassenaufbau aus dunklem Holz und wei\u00dfem Stein einen optischen Blickfang einfallen lassen.<\/p>\n<p>Katja Rupscheit-Kuschke und Klaus J\u00fcnemann zeigten sich optimistisch, mit dem Zimmer und kulinarischen Angeboten den Geschmack der k\u00fcnftigen G\u00e4ste treffen zu k\u00f6nnen. M\u00f6ller w\u00fcnschte beiden viel Gl\u00fcck f\u00fcr ihren unternehmerischen Wagemut.<\/p>\n","protected":false},"excerpt":{"rendered":"<div class=\"tmnf_excerpt\"><p>Sch\u00f6nes aus Fulda. Im Ritter geht\u00e2\u20ac\u2122s weiter. Klaus J\u00fcnemann, der vielen als Chefkoch des Hotels Kurf\u00fcrst bestens bekannt ist, hat gemeinsam mit seiner Ehefrau Silke den Gastronomiebereich des Traditionshauses \u00fcbernommen. Neue Hotelchefin ist Katja Rupscheit-Kuschke. Zuletzt hatte die geb\u00fcrtige Nordrhein-Westf\u00e4lin das H\u00fcnfelder Konrad-Zuse-Hotel gef\u00fchrt. Mit Rupscheit-Kuschke und J\u00fcnemann haben zwei erfahrene und versierte Experten das &hellip;<\/p>\n<\/div>","protected":false},"author":1,"featured_media":0,"comment_status":"closed","ping_status":"closed","sticky":false,"template":"","format":"standard","meta":{"footnotes":""},"categories":[1,37],"tags":[],"class_list":["post-4902","post","type-post","status-publish","format-standard","hentry","category-startseite","category-essen-und-trinken"],"_links":{"self":[{"href":"https:\/\/www.fuldaernachrichten.de\/index.php?rest_route=\/wp\/v2\/posts\/4902","targetHints":{"allow":["GET"]}}],"collection":[{"href":"https:\/\/www.fuldaernachrichten.de\/index.php?rest_route=\/wp\/v2\/posts"}],"about":[{"href":"https:\/\/www.fuldaernachrichten.de\/index.php?rest_route=\/wp\/v2\/types\/post"}],"author":[{"embeddable":true,"href":"https:\/\/www.fuldaernachrichten.de\/index.php?rest_route=\/wp\/v2\/users\/1"}],"replies":[{"embeddable":true,"href":"https:\/\/www.fuldaernachrichten.de\/index.php?rest_route=%2Fwp%2Fv2%2Fcomments&post=4902"}],"version-history":[{"count":0,"href":"https:\/\/www.fuldaernachrichten.de\/index.php?rest_route=\/wp\/v2\/posts\/4902\/revisions"}],"wp:attachment":[{"href":"https:\/\/www.fuldaernachrichten.de\/index.php?rest_route=%2Fwp%2Fv2%2Fmedia&parent=4902"}],"wp:term":[{"taxonomy":"category","embeddable":true,"href":"https:\/\/www.fuldaernachrichten.de\/index.php?rest_route=%2Fwp%2Fv2%2Fcategories&post=4902"},{"taxonomy":"post_tag","embeddable":true,"href":"https:\/\/www.fuldaernachrichten.de\/index.php?rest_route=%2Fwp%2Fv2%2Ftags&post=4902"}],"curies":[{"name":"wp","href":"https:\/\/api.w.org\/{rel}","templated":true}]}}