{"id":49000,"date":"2010-01-05T05:48:33","date_gmt":"2010-01-05T04:48:33","guid":{"rendered":"http:\/\/www.schoene-nachrichten.de\/?p=49000"},"modified":"2010-01-04T17:48:44","modified_gmt":"2010-01-04T16:48:44","slug":"zuspruch-am-morgen-in-hr2-kultur","status":"publish","type":"post","link":"https:\/\/www.fuldaernachrichten.de\/?p=49000","title":{"rendered":"\u201eZuspruch am Morgen\u201c in hr2-kultur"},"content":{"rendered":"<p><strong>Fulda. <\/strong>Den \u201eZuspruch am Morgen\u201c im zweiten Programm des Hessischen Rundfunks (hr2-kultur) wird in der Woche vom 11. bis 16. Januar Generalvikar Prof. Dr. Gerhard Stanke (Fulda) \u00fcbernehmen. Seine religi\u00f6se Kurzbetrachtung in den Tag ist montags bis samstags um 6.45 Uhr in hr2 zu h\u00f6ren. Die Verk\u00fcndigungssendung steht nach Ausstrahlung im Internet zum Nachlesen und -h\u00f6ren bereit unter <a href=\"http:\/\/www.kirche-hr.de\" target=\"_blank\">www.kirche-hr.de<\/a>. (bpf)<\/p>\n","protected":false},"excerpt":{"rendered":"<div class=\"tmnf_excerpt\"><p>Fulda. Den \u201eZuspruch am Morgen\u201c im zweiten Programm des Hessischen Rundfunks (hr2-kultur) wird in der Woche vom 11. bis 16. Januar Generalvikar Prof. Dr. Gerhard Stanke (Fulda) \u00fcbernehmen. Seine religi\u00f6se Kurzbetrachtung in den Tag ist montags bis samstags um 6.45 Uhr in hr2 zu h\u00f6ren. Die Verk\u00fcndigungssendung steht nach Ausstrahlung im Internet zum Nachlesen und &hellip;<\/p>\n<\/div>","protected":false},"author":1,"featured_media":0,"comment_status":"closed","ping_status":"closed","sticky":false,"template":"","format":"standard","meta":{"footnotes":""},"categories":[1],"tags":[],"class_list":["post-49000","post","type-post","status-publish","format-standard","hentry","category-startseite"],"_links":{"self":[{"href":"https:\/\/www.fuldaernachrichten.de\/index.php?rest_route=\/wp\/v2\/posts\/49000","targetHints":{"allow":["GET"]}}],"collection":[{"href":"https:\/\/www.fuldaernachrichten.de\/index.php?rest_route=\/wp\/v2\/posts"}],"about":[{"href":"https:\/\/www.fuldaernachrichten.de\/index.php?rest_route=\/wp\/v2\/types\/post"}],"author":[{"embeddable":true,"href":"https:\/\/www.fuldaernachrichten.de\/index.php?rest_route=\/wp\/v2\/users\/1"}],"replies":[{"embeddable":true,"href":"https:\/\/www.fuldaernachrichten.de\/index.php?rest_route=%2Fwp%2Fv2%2Fcomments&post=49000"}],"version-history":[{"count":2,"href":"https:\/\/www.fuldaernachrichten.de\/index.php?rest_route=\/wp\/v2\/posts\/49000\/revisions"}],"predecessor-version":[{"id":49027,"href":"https:\/\/www.fuldaernachrichten.de\/index.php?rest_route=\/wp\/v2\/posts\/49000\/revisions\/49027"}],"wp:attachment":[{"href":"https:\/\/www.fuldaernachrichten.de\/index.php?rest_route=%2Fwp%2Fv2%2Fmedia&parent=49000"}],"wp:term":[{"taxonomy":"category","embeddable":true,"href":"https:\/\/www.fuldaernachrichten.de\/index.php?rest_route=%2Fwp%2Fv2%2Fcategories&post=49000"},{"taxonomy":"post_tag","embeddable":true,"href":"https:\/\/www.fuldaernachrichten.de\/index.php?rest_route=%2Fwp%2Fv2%2Ftags&post=49000"}],"curies":[{"name":"wp","href":"https:\/\/api.w.org\/{rel}","templated":true}]}}