{"id":48998,"date":"2010-01-05T05:42:45","date_gmt":"2010-01-05T04:42:45","guid":{"rendered":"http:\/\/www.schoene-nachrichten.de\/?p=48998"},"modified":"2010-01-04T17:55:04","modified_gmt":"2010-01-04T16:55:04","slug":"prognose-2010-mit-dem-bdh-wirds-gut-gehn-fremdensitzung-in-rothemann","status":"publish","type":"post","link":"https:\/\/www.fuldaernachrichten.de\/?p=48998","title":{"rendered":"Karnevalsauftakt am 23. Januar in Rothemann"},"content":{"rendered":"<p><strong>Rothemann.<\/strong> Um Punkt 19.33 Uhr ist am 23.Januar im B\u00fcrgerzentrum von Rothemann der Karnevalsauftakt. Der Bund der Heimatfreunde Rothemann garantiert viele glanzvolle Programmpunkte um schwungvoll und positiv ins neue Jahrzehnt zu starten. Abwechslungsreich reihen sich vielen B\u00fcttenreden, Gesangseinlagen, Sketche und schwungvollen Gardet\u00e4nzen aneinander und bieten Frohsinn und Unterhaltung Non-Stop. Ein besonderer H\u00f6hepunkt ist der Einmarsch des Fuldaer Prinzen \u201ePhilipp Audiator LXIX\u201c samt Gefolge. F\u00fcr Essen und Trinken ist besten gesorgt und \u201eGute Laune Moderator\u201c Patrik Hillenbrand wird die Lachmuskeln strapazieren, hei\u00dft es in der Presseinformation der Karnevalisten aus Rothemann.<\/p>\n","protected":false},"excerpt":{"rendered":"<div class=\"tmnf_excerpt\"><p>Rothemann. Um Punkt 19.33 Uhr ist am 23.Januar im B\u00fcrgerzentrum von Rothemann der Karnevalsauftakt. Der Bund der Heimatfreunde Rothemann garantiert viele glanzvolle Programmpunkte um schwungvoll und positiv ins neue Jahrzehnt zu starten. Abwechslungsreich reihen sich vielen B\u00fcttenreden, Gesangseinlagen, Sketche und schwungvollen Gardet\u00e4nzen aneinander und bieten Frohsinn und Unterhaltung Non-Stop. Ein besonderer H\u00f6hepunkt ist der Einmarsch &hellip;<\/p>\n<\/div>","protected":false},"author":1,"featured_media":0,"comment_status":"closed","ping_status":"closed","sticky":false,"template":"","format":"standard","meta":{"footnotes":""},"categories":[1,44],"tags":[],"class_list":["post-48998","post","type-post","status-publish","format-standard","hentry","category-startseite","category-kultur"],"_links":{"self":[{"href":"https:\/\/www.fuldaernachrichten.de\/index.php?rest_route=\/wp\/v2\/posts\/48998","targetHints":{"allow":["GET"]}}],"collection":[{"href":"https:\/\/www.fuldaernachrichten.de\/index.php?rest_route=\/wp\/v2\/posts"}],"about":[{"href":"https:\/\/www.fuldaernachrichten.de\/index.php?rest_route=\/wp\/v2\/types\/post"}],"author":[{"embeddable":true,"href":"https:\/\/www.fuldaernachrichten.de\/index.php?rest_route=\/wp\/v2\/users\/1"}],"replies":[{"embeddable":true,"href":"https:\/\/www.fuldaernachrichten.de\/index.php?rest_route=%2Fwp%2Fv2%2Fcomments&post=48998"}],"version-history":[{"count":3,"href":"https:\/\/www.fuldaernachrichten.de\/index.php?rest_route=\/wp\/v2\/posts\/48998\/revisions"}],"predecessor-version":[{"id":49037,"href":"https:\/\/www.fuldaernachrichten.de\/index.php?rest_route=\/wp\/v2\/posts\/48998\/revisions\/49037"}],"wp:attachment":[{"href":"https:\/\/www.fuldaernachrichten.de\/index.php?rest_route=%2Fwp%2Fv2%2Fmedia&parent=48998"}],"wp:term":[{"taxonomy":"category","embeddable":true,"href":"https:\/\/www.fuldaernachrichten.de\/index.php?rest_route=%2Fwp%2Fv2%2Fcategories&post=48998"},{"taxonomy":"post_tag","embeddable":true,"href":"https:\/\/www.fuldaernachrichten.de\/index.php?rest_route=%2Fwp%2Fv2%2Ftags&post=48998"}],"curies":[{"name":"wp","href":"https:\/\/api.w.org\/{rel}","templated":true}]}}