{"id":48995,"date":"2010-01-05T04:45:38","date_gmt":"2010-01-05T03:45:38","guid":{"rendered":"http:\/\/www.schoene-nachrichten.de\/?p=48995"},"modified":"2010-01-04T17:52:09","modified_gmt":"2010-01-04T16:52:09","slug":"fdp-fulda-freie-menschen-statt-super-nanny-staat","status":"publish","type":"post","link":"https:\/\/www.fuldaernachrichten.de\/?p=48995","title":{"rendered":"FDP Fulda: \u201eFreie Menschen\u201c statt Super-Nanny Staat"},"content":{"rendered":"<p><strong>Fulda.<\/strong> \u201ePolitiker, und seien es Kommunalpolitiker, neigen immer mehr dazu, nicht mehr f\u00fcr den B\u00fcrger da zu sein, sondern ihn wie ein Nasenb\u00e4r in ihre starre Welt mit immer mehr Regeln\u00c2\u00a0 f\u00fchren zu wollen\u201c, beklagt Fuldas FDP-Vorsitzender Peter Wolff zum Jahresbeginn die aktuelle Diskussion um die Sonntage in Fulda. Grund f\u00fcr seine heftigen Worte, sind die Bestrebungen der Fuldaer CDU, die Anzahl der Verkaufsoffenen Sonntage, noch bevor \u00fcberhaupt irgendwelche Antr\u00e4ge gestellt wurden, zu reduzieren. \u201eNachdem den Menschen bereits die Gl\u00fchbirne verboten wurde, sie in vielen deutschen St\u00e4dten nicht mehr ihr Auto benutzen d\u00fcrfen, weil es nur noch eine gelbe oder rote Plakette tr\u00e4gt, sie jetzt sogar an Rolltreppen geg\u00e4ngelt werden sollen, wollen jetzt Kleingeister den Menschen auch noch vorschreiben, wie sie ihren Sonntag zu verbringen haben\u201c, erz\u00fcrnt sich Wolff.<!--more--><\/p>\n<p>Die FDP wolle in Fulda niemanden vorschreiben, ob er am Sonntag ausschl\u00e4ft, in die Kirche oder den Wald geht, in der Innenstadt bummelt oder ins Museum oder Theater geht, so der FDP-Chef. Bereits heute sind rund elf Millionen Menschen am Sonntag im Sinne und im Dienste der Menschen berufst\u00e4tig, rechnet der Liberale vor &#8211; ob in Krankenh\u00e4user und Pflegeeinrichtungen, an Tankstellen, der Energiewirtschaft, im Polizei- und Rettungsdienst, im Hotel- und Gastst\u00e4ttengewerbe, an Bahnh\u00f6fen und Flugh\u00e4fen und im Kultur- und Mediensektor.<\/p>\n<p>\u201eNat\u00fcrlich freue ich mich, wenn Familien sich sonntags noch um den Fr\u00fchst\u00fccks- oder Mittagstisch versammeln, gemeinsam etwas unternehmen, doch ich und die FDP wollen niemand vorschreiben, ob dieser Tag zur inneren Einkehr, zum Kirchgang, zum Waldspaziergang oder zum gem\u00fctlichen Shoppen genutzt wird\u201c, so Wolff. \u201eDie Menschen sind frei, und wir Liberalen wollen auch weiterhin den freien Menschen. Schranken werden ohnehin durch Gesetze vorgegeben.<\/p>\n<p>Dass aber nun wieder \u00fcbers Ziel hinaus geschossen wird und noch engere Regeln installiert werden sollen, zeugt von der Mentalit\u00e4t vieler Politiker in Deutschland, den Menschen vorzuschreiben, wie sie ihr Leben zu leben haben.\u201c\u00c2\u00a0 Die aktuelle Diskussion zeige aber auch sehr deutlich, dass sich in den letzten Jahrzehnten die Lebensweise, das Freizeitverhalten und allgemein die Tradition gewandelt haben.<\/p>\n<p>Dem m\u00fcsse auch die Politik und damit der Gesetzgeber Rechnung tragen. Allerdings, so Wolff, im Sinne von mehr Freiheitsrechten und weg von rechtlichen Zwangsjacken. \u201eEs ist v\u00f6llig nat\u00fcrlich, dass sich Traditionen wandeln, sonst gebe es keine Entwicklung und Fortschritt, daher geh\u00f6ren Bremser ausgebremst\u201c erkl\u00e4rt der FDP-Vorsitzende. Auch die M\u00e4r von der \u201earmen Verk\u00e4uferin\u201c sieht Wolff im Bereich der Fabel.<\/p>\n<p>Es sei Aufgabe der Tarifparteien, wie in jedem anderen Berufszweig der Sonn- und Feiertags arbeite, f\u00fcr ad\u00e4quaten Freizeitausgleich zu sorgen \u2013 an dem dann wieder jeder selbst entscheidet, was er an diesen Tagen tut. Viele Menschen seien froh \u00fcber ihren Arbeitsplatz und wollen diesen durch ihre attraktive Dienstleistung dauerhaft festigen, stellt Wolff fest.<\/p>\n<p>Unabh\u00e4ngig von der Diskussion \u00fcber die Verkaufsoffenen Sonntage, sieht Wolff generell eine gef\u00e4hrliche Entwicklung in Deutschland und Europa einsetzen. Der Staat und seine Beh\u00f6rden wollen in immer mehr Lebensbereiche der B\u00fcrger eingreifen und sie dort kontrollieren und bevormunden. \u201eDas haben die Menschen nicht verdient. Die FDP werde sich deshalb in den kommenden Monaten verst\u00e4rkt f\u00fcr ein Menschenbild der freien B\u00fcrger einsetzen, die den Staat nur f\u00fcr elementare Aufgaben ben\u00f6tigen und nicht als Super-Nanny f\u00fcr jeden Einzelnen\u201c verspricht der FDP-Vorsitzende.<\/p>\n","protected":false},"excerpt":{"rendered":"<div class=\"tmnf_excerpt\"><p>Fulda. \u201ePolitiker, und seien es Kommunalpolitiker, neigen immer mehr dazu, nicht mehr f\u00fcr den B\u00fcrger da zu sein, sondern ihn wie ein Nasenb\u00e4r in ihre starre Welt mit immer mehr Regeln\u00c2\u00a0 f\u00fchren zu wollen\u201c, beklagt Fuldas FDP-Vorsitzender Peter Wolff zum Jahresbeginn die aktuelle Diskussion um die Sonntage in Fulda. Grund f\u00fcr seine heftigen Worte, sind &hellip;<\/p>\n<\/div>","protected":false},"author":1,"featured_media":0,"comment_status":"closed","ping_status":"closed","sticky":false,"template":"","format":"standard","meta":{"footnotes":""},"categories":[1,29],"tags":[],"class_list":["post-48995","post","type-post","status-publish","format-standard","hentry","category-startseite","category-politik"],"_links":{"self":[{"href":"https:\/\/www.fuldaernachrichten.de\/index.php?rest_route=\/wp\/v2\/posts\/48995","targetHints":{"allow":["GET"]}}],"collection":[{"href":"https:\/\/www.fuldaernachrichten.de\/index.php?rest_route=\/wp\/v2\/posts"}],"about":[{"href":"https:\/\/www.fuldaernachrichten.de\/index.php?rest_route=\/wp\/v2\/types\/post"}],"author":[{"embeddable":true,"href":"https:\/\/www.fuldaernachrichten.de\/index.php?rest_route=\/wp\/v2\/users\/1"}],"replies":[{"embeddable":true,"href":"https:\/\/www.fuldaernachrichten.de\/index.php?rest_route=%2Fwp%2Fv2%2Fcomments&post=48995"}],"version-history":[{"count":2,"href":"https:\/\/www.fuldaernachrichten.de\/index.php?rest_route=\/wp\/v2\/posts\/48995\/revisions"}],"predecessor-version":[{"id":49031,"href":"https:\/\/www.fuldaernachrichten.de\/index.php?rest_route=\/wp\/v2\/posts\/48995\/revisions\/49031"}],"wp:attachment":[{"href":"https:\/\/www.fuldaernachrichten.de\/index.php?rest_route=%2Fwp%2Fv2%2Fmedia&parent=48995"}],"wp:term":[{"taxonomy":"category","embeddable":true,"href":"https:\/\/www.fuldaernachrichten.de\/index.php?rest_route=%2Fwp%2Fv2%2Fcategories&post=48995"},{"taxonomy":"post_tag","embeddable":true,"href":"https:\/\/www.fuldaernachrichten.de\/index.php?rest_route=%2Fwp%2Fv2%2Ftags&post=48995"}],"curies":[{"name":"wp","href":"https:\/\/api.w.org\/{rel}","templated":true}]}}