{"id":48989,"date":"2010-01-05T06:00:45","date_gmt":"2010-01-05T05:00:45","guid":{"rendered":"http:\/\/www.schoene-nachrichten.de\/?p=48989"},"modified":"2010-01-04T17:52:58","modified_gmt":"2010-01-04T16:52:58","slug":"jumo-waechst-weiter-neue-enkeltochter-in-bosnien-und-herzegowina","status":"publish","type":"post","link":"https:\/\/www.fuldaernachrichten.de\/?p=48989","title":{"rendered":"JUMO w\u00e4chst weiter \u2013 neue Enkeltochter in Bosnien und Herzegowina"},"content":{"rendered":"<p><strong>Fulda. <\/strong>Seit 1. Januar dieses Jahres geh\u00f6ren zur Fuldaer Unternehmensgruppe JUMO 23 Tochtergesellschaften. JUMO \u00d6sterreich, der zweitgr\u00f6\u00dfte JUMO-Standort im Ausland, er\u00f6ffnete in Bosnien und Herzegowina die sechste eigene Tochter, das hei\u00dft Enkeltochter zu JUMO Fulda. Bereits seit \u00fcber 30 Jahren ist JUMO am Gebiet der ehemaligen Jugoslawischen Republik pr\u00e4sent. Bevor eigene Au\u00dfendienstmitarbeiter das gesamte Gebiet Jugoslawiens betreuten, wurde der Markt \u00fcber Au\u00dfenhandelsunternehmen bedient. 2007 wurde schlie\u00dflich in der F\u00f6deration Bosnien und Herzegowina ein eigenes Vetriebsb\u00fcro gegr\u00fcndet.<!--more--><\/p>\n<p>Mit der Er\u00f6ffnung der eigenen Tochtergesellschaft in Doboj-Istok wird JUMO die Aktivit\u00e4ten am Markt in Bosnien und Herzegowina weiter ausbauen. Neben der Beratung, Projektierung und dem Verkauf von Mess- und Regeltechnik werden Service, Reparatur sowie die Inbetriebnahme der Ger\u00e4te von der Tochtergesellschaft angeboten. Einer der gr\u00f6\u00dften Vorteile der Gr\u00fcndung der eigenen Tochter ist, dass ab sofort in Landesw\u00e4hrung fakturiert werden kann. Dies erleichtert speziell den kleineren Kunden den Weg zu JUMO-Ger\u00e4ten, da sie nun keine Devisen mehr bereitstellen m\u00fcssen und die mit dem Import verbundenen T\u00e4tigkeiten wegfallen.<\/p>\n<p>Bosnien und Herzegowina war vor den Kriegen im Rahmen der Sozialistischen Republik Jugoslawien ein hoch industrialisiertes Land. Sowohl Experten als auch JUMO sehen langfristig in Bosnien und Herzegowina ein gro\u00dfes Potenzial.<\/p>\n","protected":false},"excerpt":{"rendered":"<div class=\"tmnf_excerpt\"><p>Fulda. Seit 1. Januar dieses Jahres geh\u00f6ren zur Fuldaer Unternehmensgruppe JUMO 23 Tochtergesellschaften. JUMO \u00d6sterreich, der zweitgr\u00f6\u00dfte JUMO-Standort im Ausland, er\u00f6ffnete in Bosnien und Herzegowina die sechste eigene Tochter, das hei\u00dft Enkeltochter zu JUMO Fulda. Bereits seit \u00fcber 30 Jahren ist JUMO am Gebiet der ehemaligen Jugoslawischen Republik pr\u00e4sent. Bevor eigene Au\u00dfendienstmitarbeiter das gesamte Gebiet &hellip;<\/p>\n<\/div>","protected":false},"author":1,"featured_media":0,"comment_status":"closed","ping_status":"closed","sticky":false,"template":"","format":"standard","meta":{"footnotes":""},"categories":[1],"tags":[],"class_list":["post-48989","post","type-post","status-publish","format-standard","hentry","category-startseite"],"_links":{"self":[{"href":"https:\/\/www.fuldaernachrichten.de\/index.php?rest_route=\/wp\/v2\/posts\/48989","targetHints":{"allow":["GET"]}}],"collection":[{"href":"https:\/\/www.fuldaernachrichten.de\/index.php?rest_route=\/wp\/v2\/posts"}],"about":[{"href":"https:\/\/www.fuldaernachrichten.de\/index.php?rest_route=\/wp\/v2\/types\/post"}],"author":[{"embeddable":true,"href":"https:\/\/www.fuldaernachrichten.de\/index.php?rest_route=\/wp\/v2\/users\/1"}],"replies":[{"embeddable":true,"href":"https:\/\/www.fuldaernachrichten.de\/index.php?rest_route=%2Fwp%2Fv2%2Fcomments&post=48989"}],"version-history":[{"count":2,"href":"https:\/\/www.fuldaernachrichten.de\/index.php?rest_route=\/wp\/v2\/posts\/48989\/revisions"}],"predecessor-version":[{"id":49033,"href":"https:\/\/www.fuldaernachrichten.de\/index.php?rest_route=\/wp\/v2\/posts\/48989\/revisions\/49033"}],"wp:attachment":[{"href":"https:\/\/www.fuldaernachrichten.de\/index.php?rest_route=%2Fwp%2Fv2%2Fmedia&parent=48989"}],"wp:term":[{"taxonomy":"category","embeddable":true,"href":"https:\/\/www.fuldaernachrichten.de\/index.php?rest_route=%2Fwp%2Fv2%2Fcategories&post=48989"},{"taxonomy":"post_tag","embeddable":true,"href":"https:\/\/www.fuldaernachrichten.de\/index.php?rest_route=%2Fwp%2Fv2%2Ftags&post=48989"}],"curies":[{"name":"wp","href":"https:\/\/api.w.org\/{rel}","templated":true}]}}