{"id":48926,"date":"2010-01-04T04:39:57","date_gmt":"2010-01-04T03:39:57","guid":{"rendered":"http:\/\/www.schoene-nachrichten.de\/?p=48926"},"modified":"2010-01-03T23:41:14","modified_gmt":"2010-01-03T22:41:14","slug":"feuerwehr-steinau-gruendet-die-12-kindergruppe-im-landkreis-fulda","status":"publish","type":"post","link":"https:\/\/www.fuldaernachrichten.de\/?p=48926","title":{"rendered":"Feuerwehr Steinau gr\u00fcndet die 12. Kindergruppe im Landkreis Fulda"},"content":{"rendered":"<p><strong>Petersberg. <\/strong>Im Rahmen des Weihnachtsfeuers 2009 am 19.12.2009 wurde die Kindergruppe der Feuerwehr Steinau gegr\u00fcndet und mit der kirchlichen Segnung der neue Feuerwehranh\u00e4nger in Betrieb genommen.<\/p>\n<p><a href=\"http:\/\/www.schoene-nachrichten.de\/wp-content\/uploads\/2010\/01\/100103_feuerwehr3.jpg\"><img fetchpriority=\"high\" decoding=\"async\" src=\"http:\/\/www.schoene-nachrichten.de\/wp-content\/uploads\/2010\/01\/100103_feuerwehr3-265x198.jpg\" alt=\"100103_feuerwehr3\"  width=\"265\" height=\"198\" class=\"alignnone size-medium wp-image-48929\" srcset=\"https:\/\/www.fuldaernachrichten.de\/wp-content\/uploads\/2010\/01\/100103_feuerwehr3-265x198.jpg 265w, https:\/\/www.fuldaernachrichten.de\/wp-content\/uploads\/2010\/01\/100103_feuerwehr3.jpg 600w\" sizes=\"(max-width: 265px) 100vw, 265px\" \/><\/a> <a href=\"http:\/\/www.schoene-nachrichten.de\/wp-content\/uploads\/2010\/01\/100103_feuerwehr2.jpg\"><img decoding=\"async\" src=\"http:\/\/www.schoene-nachrichten.de\/wp-content\/uploads\/2010\/01\/100103_feuerwehr2-265x198.jpg\" alt=\"100103_feuerwehr2\"  width=\"265\" height=\"198\" class=\"alignnone size-medium wp-image-48928\" srcset=\"https:\/\/www.fuldaernachrichten.de\/wp-content\/uploads\/2010\/01\/100103_feuerwehr2-265x198.jpg 265w, https:\/\/www.fuldaernachrichten.de\/wp-content\/uploads\/2010\/01\/100103_feuerwehr2.jpg 600w\" sizes=\"(max-width: 265px) 100vw, 265px\" \/><\/a><br \/>\n<!--more--><\/p>\n<p><a href=\"http:\/\/www.schoene-nachrichten.de\/wp-content\/uploads\/2010\/01\/100103_feuerwehr4.jpg\"><img decoding=\"async\" src=\"http:\/\/www.schoene-nachrichten.de\/wp-content\/uploads\/2010\/01\/100103_feuerwehr4-265x198.jpg\" alt=\"100103_feuerwehr4\"  width=\"265\" height=\"198\" class=\"alignnone size-medium wp-image-48930\" srcset=\"https:\/\/www.fuldaernachrichten.de\/wp-content\/uploads\/2010\/01\/100103_feuerwehr4-265x198.jpg 265w, https:\/\/www.fuldaernachrichten.de\/wp-content\/uploads\/2010\/01\/100103_feuerwehr4.jpg 600w\" sizes=\"(max-width: 265px) 100vw, 265px\" \/><\/a> <a href=\"http:\/\/www.schoene-nachrichten.de\/wp-content\/uploads\/2010\/01\/100103_feuerwehr5.jpg\"><img loading=\"lazy\" decoding=\"async\" src=\"http:\/\/www.schoene-nachrichten.de\/wp-content\/uploads\/2010\/01\/100103_feuerwehr5-265x198.jpg\" alt=\"100103_feuerwehr5\"  width=\"265\" height=\"198\" class=\"alignnone size-medium wp-image-48931\" srcset=\"https:\/\/www.fuldaernachrichten.de\/wp-content\/uploads\/2010\/01\/100103_feuerwehr5-265x198.jpg 265w, https:\/\/www.fuldaernachrichten.de\/wp-content\/uploads\/2010\/01\/100103_feuerwehr5.jpg 600w\" sizes=\"(max-width: 265px) 100vw, 265px\" \/><\/a><\/p>\n<p>Durch den Wehrf\u00fchrer der Feuerwehr Steinau Achim Weider wurde die 12. Kindergruppe im Landkreis Fulda und die erste in der Gemeinde Petersberg gegr\u00fcndet. Die Feuerwehr-drachen Steinau, so der selbst gew\u00e4hlte Name der Kindergruppe, z\u00e4hlen jetzt 38 Kinder im Alter von 6 \u2013 10 Jahren. Geleitet wird die Kindergruppe von Ramona Schwendner. Sie wird von den Betreuerinnen Bettina Hohmann, Julia Eldracher, Elena M\u00f6ller und Melanie Hartnack unterst\u00fctzt. Treffen tut man sich alle drei bis vier Wochen samstags im Feuerwehrhaus, wo man die Feuerwehr spielerisch kennen lernt. Neben basteln und spielen stehen auch Ausfl\u00fcge auf dem Programm der Kindergruppe. <\/p>\n<p>Als weiteren Meilenstein neben der Gr\u00fcndung der Feuerwehr in 1925 und der Jugendfeuerwehr in 1965 bezeichnete der Ortsvorsteher Winfried Sch\u00e4fer die Gr\u00fcndung der Kindergruppe in der Feuerwehr Steinau. B\u00fcrgermeister Karl-Josef Schwiddessen zeigte sich begeistert \u00fcber die Nachwuchsarbeit in der Feuerwehr Steinau, wo neben der neuen Kindergruppe auch schon 39 Kinder im Alter von 10 \u2013 18 Jahren in der Jugendfeuerwehr aktiv sind. Die T-Shirts der Kindergruppe wurden von der Gemeinde Petersberg finanziert. Der Gemeindebrandinspektor Dirk Aschenbr\u00fccker verglich die Gr\u00fcndung mit dem Pflanzen eines Baumes, und hofft, dass die Feuerwehr Steinau in einigen Jahren die Fr\u00fcchte dieses Baumes f\u00fcr die Feuerwehrarbeit ernten kann.<\/p>\n<p>Die Gl\u00fcckw\u00fcnsche des Kreisfeuerwehrverbandes Fulda \u00fcberbrachte der Kreisjugendfeuerwehrwart Dirk W\u00e4chtersbach. Er schenkte der Kindergruppe als Maskottchen, den kleinen Feuerwehrdrachen Grisu. Aktuell hat die Feuerwehr Steinau 77 Kinder und Jugendliche im Alter von 6 \u2013 18 Jahren in der Ausbildung. Diese Zahlen  machen die Feuerwehr Steinau sehr stolz.<\/p>\n<p>Au\u00dferdem wurde in dieser Feierstunde die kirchliche Segnung des neuen Feuerwehranh\u00e4ngers durch Pfarrer Thomas Witzel und Pfarrer Christian Pfeiffer durchgef\u00fchrt. Als einen gro\u00dfen Segen w\u00fcrdigte Pfarrer Witzel die Arbeit der Feuerwehren, sich f\u00fcr den Schutz und das Leben anderer einzusetzen.<br \/>\nDieser neu beschaffte Anh\u00e4nger wurde zu 51% von der Gemeinde Petersberg finanziert und soll die Arbeit der Jugendfeuerwehr erleichtern und bei Eins\u00e4tzen genutzt werden. Der Eigenanteil der Feuerwehr Steinau soll durch Spenden von Firmen verringert werden. Hierzu bedankte sich der 1. Vorsitzende Markus Niewelt bei allen Firmen, die die Feuerwehr Steinau unterst\u00fctzen.<\/p>\n<p>Im Anschluss an den offiziellen Teil wurde vor dem Feuerwehrhaus das Weihnachtsfeuer entz\u00fcndet und bei eisigen Temperaturen schmeckten die warmen Getr\u00e4nke sehr gut. Die Feuerwehrmusikanten untermalten die Veranstaltung mit weihnachtlichen Kl\u00e4ngen. Nach dem Weihnachtskino f\u00fcr unsere Kleinsten, hatte der Nikolaus auch noch Geschenke f\u00fcr alle dabei.<\/p>\n<p>Weitere Informationen zur Feuerwehr Petersberg-Steinau finden Sie unter<\/p>\n<p><a href=\"http:\/\/www.feuerwehr-steinau.de\">www.feuerwehr-steinau.de<\/a><\/p>\n","protected":false},"excerpt":{"rendered":"<div class=\"tmnf_excerpt\"><p>Petersberg. Im Rahmen des Weihnachtsfeuers 2009 am 19.12.2009 wurde die Kindergruppe der Feuerwehr Steinau gegr\u00fcndet und mit der kirchlichen Segnung der neue Feuerwehranh\u00e4nger in Betrieb genommen.<\/p>\n<\/div>","protected":false},"author":1,"featured_media":0,"comment_status":"closed","ping_status":"closed","sticky":false,"template":"","format":"standard","meta":{"footnotes":""},"categories":[1,71],"tags":[],"class_list":["post-48926","post","type-post","status-publish","format-standard","hentry","category-startseite","category-feuerwehr"],"_links":{"self":[{"href":"https:\/\/www.fuldaernachrichten.de\/index.php?rest_route=\/wp\/v2\/posts\/48926","targetHints":{"allow":["GET"]}}],"collection":[{"href":"https:\/\/www.fuldaernachrichten.de\/index.php?rest_route=\/wp\/v2\/posts"}],"about":[{"href":"https:\/\/www.fuldaernachrichten.de\/index.php?rest_route=\/wp\/v2\/types\/post"}],"author":[{"embeddable":true,"href":"https:\/\/www.fuldaernachrichten.de\/index.php?rest_route=\/wp\/v2\/users\/1"}],"replies":[{"embeddable":true,"href":"https:\/\/www.fuldaernachrichten.de\/index.php?rest_route=%2Fwp%2Fv2%2Fcomments&post=48926"}],"version-history":[{"count":5,"href":"https:\/\/www.fuldaernachrichten.de\/index.php?rest_route=\/wp\/v2\/posts\/48926\/revisions"}],"predecessor-version":[{"id":48936,"href":"https:\/\/www.fuldaernachrichten.de\/index.php?rest_route=\/wp\/v2\/posts\/48926\/revisions\/48936"}],"wp:attachment":[{"href":"https:\/\/www.fuldaernachrichten.de\/index.php?rest_route=%2Fwp%2Fv2%2Fmedia&parent=48926"}],"wp:term":[{"taxonomy":"category","embeddable":true,"href":"https:\/\/www.fuldaernachrichten.de\/index.php?rest_route=%2Fwp%2Fv2%2Fcategories&post=48926"},{"taxonomy":"post_tag","embeddable":true,"href":"https:\/\/www.fuldaernachrichten.de\/index.php?rest_route=%2Fwp%2Fv2%2Ftags&post=48926"}],"curies":[{"name":"wp","href":"https:\/\/api.w.org\/{rel}","templated":true}]}}