{"id":48919,"date":"2010-01-04T05:22:48","date_gmt":"2010-01-04T04:22:48","guid":{"rendered":"http:\/\/www.schoene-nachrichten.de\/?p=48919"},"modified":"2010-01-03T17:23:06","modified_gmt":"2010-01-03T16:23:06","slug":"traditionelle-winterwanderung-der-spd-flieden-wieder-gut-angenommen","status":"publish","type":"post","link":"https:\/\/www.fuldaernachrichten.de\/?p=48919","title":{"rendered":"Traditionelle Winterwanderung der SPD Flieden wieder gut angenommen"},"content":{"rendered":"<p><strong>Flieden. <\/strong>Eine erfreulich gro\u00dfe Anzahl von Mitgliedern und Freunden der Fliedener SPD nahmen in diesem Jahr wieder an der traditionellen Winterwanderung am 02.01. 10 teil. Neben G\u00e4sten aus Fulda und zahlreichen Mandatstr\u00e4gern, Mitgliedern und Freunden waren die SPD-Landtagsabgeordnete Sabine Waschke, MdL mit Ehemann Lothar wieder mit von der Partie.<!--more--><\/p>\n<p><a href=\"http:\/\/www.schoene-nachrichten.de\/wp-content\/uploads\/2010\/01\/100104_SPD1.jpg\"><img fetchpriority=\"high\" decoding=\"async\" src=\"http:\/\/www.schoene-nachrichten.de\/wp-content\/uploads\/2010\/01\/100104_SPD1-265x198.jpg\" alt=\"100104_SPD1\" title=\"100104_SPD1\" width=\"265\" height=\"198\" class=\"alignnone size-medium wp-image-48920\" srcset=\"https:\/\/www.fuldaernachrichten.de\/wp-content\/uploads\/2010\/01\/100104_SPD1-265x198.jpg 265w, https:\/\/www.fuldaernachrichten.de\/wp-content\/uploads\/2010\/01\/100104_SPD1.jpg 600w\" sizes=\"(max-width: 265px) 100vw, 265px\" \/><\/a> <a href=\"http:\/\/www.schoene-nachrichten.de\/wp-content\/uploads\/2010\/01\/100104_SPD2.jpg\"><img decoding=\"async\" src=\"http:\/\/www.schoene-nachrichten.de\/wp-content\/uploads\/2010\/01\/100104_SPD2-265x198.jpg\" alt=\"100104_SPD2\" title=\"100104_SPD2\" width=\"265\" height=\"198\" class=\"alignnone size-medium wp-image-48921\" srcset=\"https:\/\/www.fuldaernachrichten.de\/wp-content\/uploads\/2010\/01\/100104_SPD2-265x198.jpg 265w, https:\/\/www.fuldaernachrichten.de\/wp-content\/uploads\/2010\/01\/100104_SPD2.jpg 600w\" sizes=\"(max-width: 265px) 100vw, 265px\" \/><\/a><\/p>\n<p>Nach dem Start vom Rathaus aus f\u00fchrte die Wanderstrecke an den Fischteichen des Angelsportverein \u201eWingefliede\u201c und Schlagm\u00fchle vorbei zum Katzenberg. Mit Gl\u00fchwein, hei\u00dfem O-Saft und einem \u201eKlaren\u201c st\u00e4rkte man sich, bevor es weiter \u00fcber Laugendorf und Kautz am Nordportal des neuen Distelrasentunnel vorbei \u00fcber Leimenhof zum Landgasthof Krackhof. Hier gesellten sich noch weitere Mitglieder dazu.<\/p>\n<p>In ihrem kurzen Neujahrsgru\u00dfwort dankte Sabine Waschke dem Ortsverein und der Fraktion f\u00fcr die gute Arbeit und die zukunftsorientierten Initiativen im zur\u00fcckliegenden Jahr. Im Weiteren sagte Waschke den Verantwortlichen in Bund und Land einen erbitterten Kampf gegen deren immer offenkundiger werdende kommunalfeindliche Politik an und nannte den H\u00fcnfelder B\u00fcrgermeister Eberhard Fennel (CDU) als Kronzeugen. <\/p>\n<p>\u201eHoffentlich findet der &#8220;Weckruf&#8221; Fennels anl\u00e4sslich des Neujahrssingens in H\u00fcnfeld an die im Bund und im Land verantwortlichen Politiker angesichts eines &#8220;einmaligen Zusammenbruchs der kommunalen Finanzen&#8221; \u00fcber den Landkreis Fulda mit seinen Verantwortung tragenden CDU-Politkern hinaus eine so gro\u00dfe und wirkungsvolle Unterst\u00fctzung, dass die Hess. Landesregierung von ihrer Ank\u00fcndigung Abstand nimmt, ab dem Jahr 2011 dem kommunalen Finanzausgleich 400.000.000 Euro zu Lasten insbesondere der finanzschwachen Kommunen zu entziehen\u201c, so die SPD-Abgeordnete Waschke w\u00f6rtlich.<\/p>\n<p>Bekannt gute Speisen und gepflegte Getr\u00e4nke der Familie St\u00f6hr und ihrem Team rundeten die Veranstaltung ab.<\/p>\n","protected":false},"excerpt":{"rendered":"<div class=\"tmnf_excerpt\"><p>Flieden. Eine erfreulich gro\u00dfe Anzahl von Mitgliedern und Freunden der Fliedener SPD nahmen in diesem Jahr wieder an der traditionellen Winterwanderung am 02.01. 10 teil. Neben G\u00e4sten aus Fulda und zahlreichen Mandatstr\u00e4gern, Mitgliedern und Freunden waren die SPD-Landtagsabgeordnete Sabine Waschke, MdL mit Ehemann Lothar wieder mit von der Partie.<\/p>\n<\/div>","protected":false},"author":1,"featured_media":0,"comment_status":"closed","ping_status":"closed","sticky":false,"template":"","format":"standard","meta":{"footnotes":""},"categories":[1,29],"tags":[],"class_list":["post-48919","post","type-post","status-publish","format-standard","hentry","category-startseite","category-politik"],"_links":{"self":[{"href":"https:\/\/www.fuldaernachrichten.de\/index.php?rest_route=\/wp\/v2\/posts\/48919","targetHints":{"allow":["GET"]}}],"collection":[{"href":"https:\/\/www.fuldaernachrichten.de\/index.php?rest_route=\/wp\/v2\/posts"}],"about":[{"href":"https:\/\/www.fuldaernachrichten.de\/index.php?rest_route=\/wp\/v2\/types\/post"}],"author":[{"embeddable":true,"href":"https:\/\/www.fuldaernachrichten.de\/index.php?rest_route=\/wp\/v2\/users\/1"}],"replies":[{"embeddable":true,"href":"https:\/\/www.fuldaernachrichten.de\/index.php?rest_route=%2Fwp%2Fv2%2Fcomments&post=48919"}],"version-history":[{"count":3,"href":"https:\/\/www.fuldaernachrichten.de\/index.php?rest_route=\/wp\/v2\/posts\/48919\/revisions"}],"predecessor-version":[{"id":48924,"href":"https:\/\/www.fuldaernachrichten.de\/index.php?rest_route=\/wp\/v2\/posts\/48919\/revisions\/48924"}],"wp:attachment":[{"href":"https:\/\/www.fuldaernachrichten.de\/index.php?rest_route=%2Fwp%2Fv2%2Fmedia&parent=48919"}],"wp:term":[{"taxonomy":"category","embeddable":true,"href":"https:\/\/www.fuldaernachrichten.de\/index.php?rest_route=%2Fwp%2Fv2%2Fcategories&post=48919"},{"taxonomy":"post_tag","embeddable":true,"href":"https:\/\/www.fuldaernachrichten.de\/index.php?rest_route=%2Fwp%2Fv2%2Ftags&post=48919"}],"curies":[{"name":"wp","href":"https:\/\/api.w.org\/{rel}","templated":true}]}}