{"id":48869,"date":"2010-01-03T05:48:53","date_gmt":"2010-01-03T04:48:53","guid":{"rendered":"http:\/\/www.schoene-nachrichten.de\/?p=48869"},"modified":"2010-01-01T17:49:12","modified_gmt":"2010-01-01T16:49:12","slug":"feierliche-verleihungen-der-ehrenmedaille-des-bistums-fulda","status":"publish","type":"post","link":"https:\/\/www.fuldaernachrichten.de\/?p=48869","title":{"rendered":"Feierliche Verleihungen der Ehrenmedaille des Bistums Fulda"},"content":{"rendered":"<p><a href=\"http:\/\/www.schoene-nachrichten.de\/wp-content\/uploads\/2010\/01\/100101_Maleja.jpg\"><img fetchpriority=\"high\" decoding=\"async\" src=\"http:\/\/www.schoene-nachrichten.de\/wp-content\/uploads\/2010\/01\/100101_Maleja-265x218.jpg\" alt=\"100101_Maleja\" title=\"100101_Maleja\" hspace=\"5\" align=\"left\" width=\"265\" height=\"218\" class=\"alignnone size-medium wp-image-48870\" srcset=\"https:\/\/www.fuldaernachrichten.de\/wp-content\/uploads\/2010\/01\/100101_Maleja-265x218.jpg 265w, https:\/\/www.fuldaernachrichten.de\/wp-content\/uploads\/2010\/01\/100101_Maleja.jpg 600w\" sizes=\"(max-width: 265px) 100vw, 265px\" \/><\/a><strong>Flieden.<\/strong> Im Rahmen des offiziellen Treffens aller ehrenamtlicher und hauptamtlicher Helfer und Mitarbeiter der Pfarrgemeinde St. Goar Flieden, am 30.12.09, konnte Pfarrer Thomas Maleja im Auftrag des Bischof Heinz Josef Algermissen die \u201eSturmiusmedaillie in Silber\u201c, Ehrenabzeichen f\u00fcr besonderes Dienste im Bistum Fulda, an 4 Helfer verleihen. <\/p>\n<p>Geehrt wurde Raimund Henkel f\u00fcr \u00fcber 40 Jahre flei\u00dfige, ehrenamtliche Mitarbeit in der Pfarrgemeinde und die \u00dcbernahme des Kantorendienstes. Franz M\u00fcller wurde f\u00fcr seinen \u00fcber 45 Jahre langen, unerm\u00fcdlichen Einsatz an der Kirchenorgel und Organisation von Kirchenkonzerten ausgezeichnet. Herbert Bagus erhielt die bisch\u00f6fliche Ehrung f\u00fcr sein \u00fcber 40 j\u00e4hriges Wirken, ehrenamtliches Engagement, in der Pfarrgemeinde und deren Gremien. Am Abend selber konnte Edwin Lang, der f\u00fcr seinen besonderen Dienst der Kirchenausstattung, bzw. die langj\u00e4hrige Dekoration und Pflege des Kirchenschmucks geehrt werden sollte, aus gesundheitlichen Gr\u00fcnden nicht anwesend sein. Pfarrer Maleja betonte, dass die Geehrten stellvertretend f\u00fcr die gesamte Pfarrgemeinde ausgezeichnet werden. \u201eIch bin als Pfarrer besonders gl\u00fccklich solche aktiven Helfer an meiner Seite zu wissen\u201c, so Maleja. <\/p>\n<p>Der Heimatpfarrer gab weiterhin bekannt, dass Frau Rosemarie Sch\u00f6ppner f\u00fcr ihr besonders lobenswerte und herausragende Arbeit in der Pfarrgemeinde und deren Menschen, auf dem Neujahrsempfang des Bischofs in Fulda mit dem p\u00e4pstlichen Orden \u201ePro Ecclesia et Pontifice\u201c (lat. F\u00fcr Kirche und Papst) geehrt wird. \u201eEine Frau mit solch einer Auszeichnung und Charakter in der Pfarrgemeinde zu wissen, sollte uns alle mit besonderen Stolz erf\u00fcllen, es ist bei weitem keine Selbstverst\u00e4ndlichkeit\u201c, so Pfarrer Maleja abschlie\u00dfend.<\/p>\n","protected":false},"excerpt":{"rendered":"<div class=\"tmnf_excerpt\"><p>Flieden. Im Rahmen des offiziellen Treffens aller ehrenamtlicher und hauptamtlicher Helfer und Mitarbeiter der Pfarrgemeinde St. Goar Flieden, am 30.12.09, konnte Pfarrer Thomas Maleja im Auftrag des Bischof Heinz Josef Algermissen die \u201eSturmiusmedaillie in Silber\u201c, Ehrenabzeichen f\u00fcr besonderes Dienste im Bistum Fulda, an 4 Helfer verleihen. Geehrt wurde Raimund Henkel f\u00fcr \u00fcber 40 Jahre flei\u00dfige, &hellip;<\/p>\n<\/div>","protected":false},"author":1,"featured_media":0,"comment_status":"closed","ping_status":"closed","sticky":false,"template":"","format":"standard","meta":{"footnotes":""},"categories":[1,50],"tags":[],"class_list":["post-48869","post","type-post","status-publish","format-standard","hentry","category-startseite","category-kirche"],"_links":{"self":[{"href":"https:\/\/www.fuldaernachrichten.de\/index.php?rest_route=\/wp\/v2\/posts\/48869","targetHints":{"allow":["GET"]}}],"collection":[{"href":"https:\/\/www.fuldaernachrichten.de\/index.php?rest_route=\/wp\/v2\/posts"}],"about":[{"href":"https:\/\/www.fuldaernachrichten.de\/index.php?rest_route=\/wp\/v2\/types\/post"}],"author":[{"embeddable":true,"href":"https:\/\/www.fuldaernachrichten.de\/index.php?rest_route=\/wp\/v2\/users\/1"}],"replies":[{"embeddable":true,"href":"https:\/\/www.fuldaernachrichten.de\/index.php?rest_route=%2Fwp%2Fv2%2Fcomments&post=48869"}],"version-history":[{"count":5,"href":"https:\/\/www.fuldaernachrichten.de\/index.php?rest_route=\/wp\/v2\/posts\/48869\/revisions"}],"predecessor-version":[{"id":48875,"href":"https:\/\/www.fuldaernachrichten.de\/index.php?rest_route=\/wp\/v2\/posts\/48869\/revisions\/48875"}],"wp:attachment":[{"href":"https:\/\/www.fuldaernachrichten.de\/index.php?rest_route=%2Fwp%2Fv2%2Fmedia&parent=48869"}],"wp:term":[{"taxonomy":"category","embeddable":true,"href":"https:\/\/www.fuldaernachrichten.de\/index.php?rest_route=%2Fwp%2Fv2%2Fcategories&post=48869"},{"taxonomy":"post_tag","embeddable":true,"href":"https:\/\/www.fuldaernachrichten.de\/index.php?rest_route=%2Fwp%2Fv2%2Ftags&post=48869"}],"curies":[{"name":"wp","href":"https:\/\/api.w.org\/{rel}","templated":true}]}}