{"id":48836,"date":"2010-01-02T06:11:03","date_gmt":"2010-01-02T05:11:03","guid":{"rendered":"http:\/\/www.schoene-nachrichten.de\/?p=48836"},"modified":"2010-01-02T12:58:57","modified_gmt":"2010-01-02T11:58:57","slug":"energie-fuer-motten-fliesst-jetzt-ueber-das-uewag-netz","status":"publish","type":"post","link":"https:\/\/www.fuldaernachrichten.de\/?p=48836","title":{"rendered":"Energie f\u00fcr Motten flie\u00dft jetzt \u00fcber das \u00dcWAG-Netz"},"content":{"rendered":"<p><a href=\"http:\/\/www.schoene-nachrichten.de\/wp-content\/uploads\/2009\/12\/091231_Netzzuschaltung-Mott.jpg\"><img decoding=\"async\" src=\"http:\/\/www.schoene-nachrichten.de\/wp-content\/uploads\/2009\/12\/091231_Netzzuschaltung-Mott-265x175.jpg\" alt=\"091231_Netzzuschaltung-Mott\" title=\"091231_Netzzuschaltung-Mott\" hspace=\"5\" align=\"left\" width=\"265\" height=\"175\" class=\"alignnone size-medium wp-image-48837\" srcset=\"https:\/\/www.fuldaernachrichten.de\/wp-content\/uploads\/2009\/12\/091231_Netzzuschaltung-Mott-265x175.jpg 265w, https:\/\/www.fuldaernachrichten.de\/wp-content\/uploads\/2009\/12\/091231_Netzzuschaltung-Mott.jpg 600w\" sizes=\"(max-width: 265px) 100vw, 265px\" \/><\/a><strong>Motten.<\/strong> F\u00fcr rund 20 Sekunden musste die Leitzentrale der \u00dcWAG in Fulda die Stromversorgung f\u00fcr die Gemeinde Motten unterbrechen \u2013 dann schaltete Mottens B\u00fcrgermeister Jochen Vogel die neu verlegte Leitung der \u00dcWAG von Speicherz nach Ziegelh\u00fctte zu. Damit \u00fcbernahm die \u00dcWAG die Verantwortung f\u00fcr das Stromnetz in Motten, Kothen und Speicherz. Zuvor hatte die \u00dcWAG Netz GmbH, das f\u00fcr den Betrieb des Stromnetzes zust\u00e4ndige Tochterunternehmen der \u00dcWAG, die drei Ortsteile mit einem Ringschluss technisch in das \u00dcWAG-Stromnetz eingebunden.<\/p>\n<p>\u201eHerzlich willkommen im Kreise unserer Konzessionsgemeinden, die \u00fcber das Stromverteilungsnetz der \u00dcWAG ihre Energie beziehen!\u201c, begr\u00fc\u00dfte Dr.-Ing. Eric Jennes, Bereichsleiter Technischer Service bei der \u00dcWAG, ganz offiziell den B\u00fcrgermeister sowie zahlreiche interessierte B\u00fcrgerinnen und B\u00fcrger aus Motten, die am letzten Tag des Jahres 2009 fr\u00fch um 4:00 Uhr zum historischen Anschluss der fr\u00e4nkischen Gemeinde an das Stromnetz des f\u00fchrenden osthessischen Energieversorgers gekommen waren. \u201eWir freuen uns auf eine vertrauensvolle Partnerschaft mit der \u00dcWAG und eine neue Qualit\u00e4t der Energieversorgung f\u00fcr unsere Gemeinde\u201c, erwiderte B\u00fcrgermeister Vogel.<\/p>\n<p>Die \u00dcWAG hat die Zuverl\u00e4ssigkeit der Energieversorgung f\u00fcr Motten im Vorfeld der Netzzuschaltung deutlich verbessert: Durch die Einbindung in eine Ringleitung k\u00f6nnen die drei Ortsteile der Gemeinde aus zwei Richtungen versorgt werden \u2013 ein entscheidender Vorteil. Wartungs- und Reparaturarbeiten k\u00f6nnen ohne Versorgungsunterbrechung durchgef\u00fchrt werden; im Falle eines Fehlers auf einer Leitung kann die Stromversorgung \u00fcber den anderen Teil des Ringes fortgesetzt werden. <\/p>\n<p>In Motten hat die \u00dcWAG zum ersten Mal ein komplettes Gemeinde-Stromnetz auf bayerischem Gebiet \u00fcbernommen. Sie hatte sich erfolgreich um den Konzessionsvertrag beworben, den bis zum Jahresende 2009 die E.ON Bayern AG innehatte. <\/p>\n<p>Nachdem der neue Konzessionsvertrag zwischen \u00dcWAG-Vorstand Dipl.-Ing. G\u00fcnter Bury und B\u00fcrgermeister Jochen Vogel im Juni 2008 unterschrieben und der Netz\u00fcbergang von E.ON Bayern an die \u00dcWAG geregelt war, hatte die \u00dcWAG Netz GmbH eine Trafostation und rund f\u00fcnf Kilometer Mittelspannungskabel neu gebaut, um Motten, Kothen und Speicherz von zwei Seiten in ihr Netz einzubinden. <\/p>\n<p>Neben der auf diese Weise erh\u00f6hten Versorgungssicherheit war auch die N\u00e4he des \u00dcWAG-Servicecenters Netz Ost, das seinen Sitz in Hettenhausen hat, ein schlagkr\u00e4ftiges Argument f\u00fcr die Entscheidung der Mottener Gemeindevertreter f\u00fcr die Konzessionsvergabe an die \u00dcWAG: Im Fall der F\u00e4lle ist ein Entst\u00f6rungstrupp der \u00dcWAG ganz schnell zur Stelle.<\/p>\n","protected":false},"excerpt":{"rendered":"<div class=\"tmnf_excerpt\"><p>Motten. F\u00fcr rund 20 Sekunden musste die Leitzentrale der \u00dcWAG in Fulda die Stromversorgung f\u00fcr die Gemeinde Motten unterbrechen \u2013 dann schaltete Mottens B\u00fcrgermeister Jochen Vogel die neu verlegte Leitung der \u00dcWAG von Speicherz nach Ziegelh\u00fctte zu. Damit \u00fcbernahm die \u00dcWAG die Verantwortung f\u00fcr das Stromnetz in Motten, Kothen und Speicherz. Zuvor hatte die \u00dcWAG &hellip;<\/p>\n<\/div>","protected":false},"author":1,"featured_media":0,"comment_status":"closed","ping_status":"closed","sticky":false,"template":"","format":"standard","meta":{"footnotes":""},"categories":[1,29],"tags":[],"class_list":["post-48836","post","type-post","status-publish","format-standard","hentry","category-startseite","category-politik"],"_links":{"self":[{"href":"https:\/\/www.fuldaernachrichten.de\/index.php?rest_route=\/wp\/v2\/posts\/48836","targetHints":{"allow":["GET"]}}],"collection":[{"href":"https:\/\/www.fuldaernachrichten.de\/index.php?rest_route=\/wp\/v2\/posts"}],"about":[{"href":"https:\/\/www.fuldaernachrichten.de\/index.php?rest_route=\/wp\/v2\/types\/post"}],"author":[{"embeddable":true,"href":"https:\/\/www.fuldaernachrichten.de\/index.php?rest_route=\/wp\/v2\/users\/1"}],"replies":[{"embeddable":true,"href":"https:\/\/www.fuldaernachrichten.de\/index.php?rest_route=%2Fwp%2Fv2%2Fcomments&post=48836"}],"version-history":[{"count":10,"href":"https:\/\/www.fuldaernachrichten.de\/index.php?rest_route=\/wp\/v2\/posts\/48836\/revisions"}],"predecessor-version":[{"id":48852,"href":"https:\/\/www.fuldaernachrichten.de\/index.php?rest_route=\/wp\/v2\/posts\/48836\/revisions\/48852"}],"wp:attachment":[{"href":"https:\/\/www.fuldaernachrichten.de\/index.php?rest_route=%2Fwp%2Fv2%2Fmedia&parent=48836"}],"wp:term":[{"taxonomy":"category","embeddable":true,"href":"https:\/\/www.fuldaernachrichten.de\/index.php?rest_route=%2Fwp%2Fv2%2Fcategories&post=48836"},{"taxonomy":"post_tag","embeddable":true,"href":"https:\/\/www.fuldaernachrichten.de\/index.php?rest_route=%2Fwp%2Fv2%2Ftags&post=48836"}],"curies":[{"name":"wp","href":"https:\/\/api.w.org\/{rel}","templated":true}]}}