{"id":48807,"date":"2010-01-03T04:52:45","date_gmt":"2010-01-03T03:52:45","guid":{"rendered":"http:\/\/www.schoene-nachrichten.de\/?p=48807"},"modified":"2009-12-30T20:53:02","modified_gmt":"2009-12-30T19:53:02","slug":"jusos-huenfeld-laden-zur-offenen-mitgliederversammlung","status":"publish","type":"post","link":"https:\/\/www.fuldaernachrichten.de\/?p=48807","title":{"rendered":"Jusos H\u00fcnfeld laden zur offenen Mitgliederversammlung"},"content":{"rendered":"<p><strong>H\u00fcnfeld. <\/strong>Der Stadtverband der Jusos in H\u00fcnfeld l\u00e4dt am 10. Januar 2010 ab 17.00 Uhr im Stadtcaf\u00e9 (Hauptstra\u00dfe 15) interessierte Jugendliche und junge Erwachsene im Altkreis H\u00fcnfeld zu einer offenen Mitgliederversammlung ein. Wer sich f\u00fcr eine Mitarbeit bei der SPD- Jugendorsganisation interessiert oder \u00fcber ihre bisherige und zuk\u00fcnftige Arbeit informieren m\u00f6chte, ist herzlich willkommen.<\/p>\n","protected":false},"excerpt":{"rendered":"<div class=\"tmnf_excerpt\"><p>H\u00fcnfeld. Der Stadtverband der Jusos in H\u00fcnfeld l\u00e4dt am 10. Januar 2010 ab 17.00 Uhr im Stadtcaf\u00e9 (Hauptstra\u00dfe 15) interessierte Jugendliche und junge Erwachsene im Altkreis H\u00fcnfeld zu einer offenen Mitgliederversammlung ein. Wer sich f\u00fcr eine Mitarbeit bei der SPD- Jugendorsganisation interessiert oder \u00fcber ihre bisherige und zuk\u00fcnftige Arbeit informieren m\u00f6chte, ist herzlich willkommen.<\/p>\n<\/div>","protected":false},"author":1,"featured_media":0,"comment_status":"closed","ping_status":"closed","sticky":false,"template":"","format":"standard","meta":{"footnotes":""},"categories":[1,72,29],"tags":[],"class_list":["post-48807","post","type-post","status-publish","format-standard","hentry","category-startseite","category-jugend","category-politik"],"_links":{"self":[{"href":"https:\/\/www.fuldaernachrichten.de\/index.php?rest_route=\/wp\/v2\/posts\/48807","targetHints":{"allow":["GET"]}}],"collection":[{"href":"https:\/\/www.fuldaernachrichten.de\/index.php?rest_route=\/wp\/v2\/posts"}],"about":[{"href":"https:\/\/www.fuldaernachrichten.de\/index.php?rest_route=\/wp\/v2\/types\/post"}],"author":[{"embeddable":true,"href":"https:\/\/www.fuldaernachrichten.de\/index.php?rest_route=\/wp\/v2\/users\/1"}],"replies":[{"embeddable":true,"href":"https:\/\/www.fuldaernachrichten.de\/index.php?rest_route=%2Fwp%2Fv2%2Fcomments&post=48807"}],"version-history":[{"count":4,"href":"https:\/\/www.fuldaernachrichten.de\/index.php?rest_route=\/wp\/v2\/posts\/48807\/revisions"}],"predecessor-version":[{"id":48829,"href":"https:\/\/www.fuldaernachrichten.de\/index.php?rest_route=\/wp\/v2\/posts\/48807\/revisions\/48829"}],"wp:attachment":[{"href":"https:\/\/www.fuldaernachrichten.de\/index.php?rest_route=%2Fwp%2Fv2%2Fmedia&parent=48807"}],"wp:term":[{"taxonomy":"category","embeddable":true,"href":"https:\/\/www.fuldaernachrichten.de\/index.php?rest_route=%2Fwp%2Fv2%2Fcategories&post=48807"},{"taxonomy":"post_tag","embeddable":true,"href":"https:\/\/www.fuldaernachrichten.de\/index.php?rest_route=%2Fwp%2Fv2%2Ftags&post=48807"}],"curies":[{"name":"wp","href":"https:\/\/api.w.org\/{rel}","templated":true}]}}