{"id":48806,"date":"2010-01-02T05:48:35","date_gmt":"2010-01-02T04:48:35","guid":{"rendered":"http:\/\/www.schoene-nachrichten.de\/?p=48806"},"modified":"2010-01-02T12:58:22","modified_gmt":"2010-01-02T11:58:22","slug":"zwei-spenden-fuer-den-jugendhilfeverbund-aktionen-von-shell-tankstellen-fulda-und-kindertagestaette-mittelkalbach","status":"publish","type":"post","link":"https:\/\/www.fuldaernachrichten.de\/?p=48806","title":{"rendered":"Spenden f\u00fcr Jugendhilfeverbund dank Aktionen von Shell-Tankstellen Fulda und Kindertagest\u00e4tte Mittelkalbach"},"content":{"rendered":"<p><a href=\"http:\/\/www.schoene-nachrichten.de\/wp-content\/uploads\/2009\/12\/091231_Spende1.jpg\"><img decoding=\"async\" src=\"http:\/\/www.schoene-nachrichten.de\/wp-content\/uploads\/2009\/12\/091231_Spende1.jpg\" alt=\"091231_Spende1\"  width=\"560\"  class=\"alignnone size-medium wp-image-48808\" srcset=\"https:\/\/www.fuldaernachrichten.de\/wp-content\/uploads\/2009\/12\/091231_Spende1.jpg 600w, https:\/\/www.fuldaernachrichten.de\/wp-content\/uploads\/2009\/12\/091231_Spende1-265x202.jpg 265w\" sizes=\"(max-width: 600px) 100vw, 600px\" \/><\/a><\/p>\n<p><strong>Fulda, Flieden <\/strong>(cif). Gleich zwei Initiativen sorgten f\u00fcr freudige \u00dcberraschung beim Jugnendhilfeverbund St. Elisabeth: Die Kinder und Eltern der Kindertagesst\u00e4tte St. Sebastian in Mittelkalbach \u00fcbergaben ihre diesj\u00e4hrige \u201eMartinsspende\u201c in H\u00f6he von 333 Euro an die Wohngruppe Flieden der Caritas- Jugendhilfeeinrichtung. Dank dieses Geldes steht den neun jungen Mitgliedern der Wohngruppe zwischen acht und 17 Jahren nun eine neue Digitalkamera zur Verf\u00fcgung, welche die Gruppe im Alltag und bei Aktivit\u00e4ten begleiten wird.<\/p>\n<p><a href=\"http:\/\/www.schoene-nachrichten.de\/wp-content\/uploads\/2009\/12\/091231_Spende2.jpg\"><img fetchpriority=\"high\" decoding=\"async\" class=\"alignnone size-medium wp-image-48809\" title=\"091231_Spende2\" src=\"http:\/\/www.schoene-nachrichten.de\/wp-content\/uploads\/2009\/12\/091231_Spende2-265x198.jpg\" alt=\"091231_Spende2\" width=\"265\" height=\"200\" \/><\/a> <a href=\"http:\/\/www.schoene-nachrichten.de\/wp-content\/uploads\/2009\/12\/091231_Spende1.jpg\"><img decoding=\"async\" src=\"http:\/\/www.schoene-nachrichten.de\/wp-content\/uploads\/2009\/12\/091231_Spende1-265x202.jpg\" alt=\"091231_Spende1\" title=\"091231_Spende1\" width=\"265\" height=\"200\" class=\"alignnone size-medium wp-image-48808\" \/><\/a><\/p>\n<p>Mehrere Kartons voller Spielzeugautos \u00fcberreichten Stationsleiter Andreas Gr\u00fcbner und Azubi Jan Salemski von Shell Fulda  an den Erziehungsleiter des Jugendhilfeverbundes St. Elisabeth, Christof Schneider. Die Spielzeugspende f\u00fcr den gesamten Jugendhilfeverbund finanzierten die Kunden der Shellstationen in Fulda und Lehnerz. Das Unternehmen plant nach eigenem Bekunden bereits weitere Aktionen zum Wohl der Kinder- und Jugendhilfe.<\/p>\n","protected":false},"excerpt":{"rendered":"<div class=\"tmnf_excerpt\"><p>Fulda, Flieden (cif). Gleich zwei Initiativen sorgten f\u00fcr freudige \u00dcberraschung beim Jugnendhilfeverbund St. Elisabeth: Die Kinder und Eltern der Kindertagesst\u00e4tte St. Sebastian in Mittelkalbach \u00fcbergaben ihre diesj\u00e4hrige \u201eMartinsspende\u201c in H\u00f6he von 333 Euro an die Wohngruppe Flieden der Caritas- Jugendhilfeeinrichtung. Dank dieses Geldes steht den neun jungen Mitgliedern der Wohngruppe zwischen acht und 17 Jahren &hellip;<\/p>\n<\/div>","protected":false},"author":1,"featured_media":0,"comment_status":"closed","ping_status":"closed","sticky":false,"template":"","format":"standard","meta":{"footnotes":""},"categories":[1,50,78],"tags":[],"class_list":["post-48806","post","type-post","status-publish","format-standard","hentry","category-startseite","category-kirche","category-topthema"],"_links":{"self":[{"href":"https:\/\/www.fuldaernachrichten.de\/index.php?rest_route=\/wp\/v2\/posts\/48806","targetHints":{"allow":["GET"]}}],"collection":[{"href":"https:\/\/www.fuldaernachrichten.de\/index.php?rest_route=\/wp\/v2\/posts"}],"about":[{"href":"https:\/\/www.fuldaernachrichten.de\/index.php?rest_route=\/wp\/v2\/types\/post"}],"author":[{"embeddable":true,"href":"https:\/\/www.fuldaernachrichten.de\/index.php?rest_route=\/wp\/v2\/users\/1"}],"replies":[{"embeddable":true,"href":"https:\/\/www.fuldaernachrichten.de\/index.php?rest_route=%2Fwp%2Fv2%2Fcomments&post=48806"}],"version-history":[{"count":13,"href":"https:\/\/www.fuldaernachrichten.de\/index.php?rest_route=\/wp\/v2\/posts\/48806\/revisions"}],"predecessor-version":[{"id":48887,"href":"https:\/\/www.fuldaernachrichten.de\/index.php?rest_route=\/wp\/v2\/posts\/48806\/revisions\/48887"}],"wp:attachment":[{"href":"https:\/\/www.fuldaernachrichten.de\/index.php?rest_route=%2Fwp%2Fv2%2Fmedia&parent=48806"}],"wp:term":[{"taxonomy":"category","embeddable":true,"href":"https:\/\/www.fuldaernachrichten.de\/index.php?rest_route=%2Fwp%2Fv2%2Fcategories&post=48806"},{"taxonomy":"post_tag","embeddable":true,"href":"https:\/\/www.fuldaernachrichten.de\/index.php?rest_route=%2Fwp%2Fv2%2Ftags&post=48806"}],"curies":[{"name":"wp","href":"https:\/\/api.w.org\/{rel}","templated":true}]}}