{"id":48778,"date":"2010-01-02T05:40:38","date_gmt":"2010-01-02T04:40:38","guid":{"rendered":"http:\/\/www.schoene-nachrichten.de\/?p=48778"},"modified":"2009-12-30T17:41:02","modified_gmt":"2009-12-30T16:41:02","slug":"baubeginn-der-kinderkrippen-in-burghaun-und-grossenmoor","status":"publish","type":"post","link":"https:\/\/www.fuldaernachrichten.de\/?p=48778","title":{"rendered":"Baubeginn der Kinderkrippen in Burghaun und Gro\u00dfenmoor"},"content":{"rendered":"<p><a href=\"http:\/\/www.schoene-nachrichten.de\/wp-content\/uploads\/2009\/12\/091231_Burghaun1.jpg\"><img fetchpriority=\"high\" decoding=\"async\" src=\"http:\/\/www.schoene-nachrichten.de\/wp-content\/uploads\/2009\/12\/091231_Burghaun1-265x353.jpg\" alt=\"091231_Burghaun1\" title=\"091231_Burghaun1\" hspace=\"5\" align=\"left\" width=\"265\" height=\"353\" class=\"alignnone size-medium wp-image-48779\" srcset=\"https:\/\/www.fuldaernachrichten.de\/wp-content\/uploads\/2009\/12\/091231_Burghaun1-265x353.jpg 265w, https:\/\/www.fuldaernachrichten.de\/wp-content\/uploads\/2009\/12\/091231_Burghaun1.jpg 450w\" sizes=\"(max-width: 265px) 100vw, 265px\" \/><\/a><strong>Burghaun.<\/strong> Die Umbauarbeiten f\u00fcr die neuen Kinderkrippen im Kindergarten \u201eKiebitznest\u201c Gro\u00dfenmoor und im Geb\u00e4ude des evangelischen Kindergartens in Burghaun sind in vollem Gange. Dar\u00fcber informiert B\u00fcrgermeister Alexander Hohmann <\/p>\n<p>Im Kindergarten Gro\u00dfenmoor wird in diesem Rahmen das Dachgeschoss ausgebaut. Hier entstehen ein neuer Materialraum sowie ein Personalraum mit WC. Im Erdgeschoss werden durch Umbauma\u00dfnahmen, neben einem Raum f\u00fcr die Kinderkrippe, Therapie,- Schlaf-, Sanit\u00e4r- und Dusch-Wickelr\u00e4ume geschaffen. Hier wird im Zuge dieser Arbeiten die bestehende U-3-Gruppe in eine Krippengruppe umgewandelt<\/p>\n<p>Die Kinderkrippe im Ortskern von Burghaun wird in den R\u00e4umlichkeiten des evangelischen Kindergarten \u201eVilla Kunterbunt\u201c entstehen. Im Obergeschoss des s\u00fcdlichen Geb\u00e4udeteils, das bislang als Rohbau leer stand, wird f\u00fcr R\u00e4umlichkeiten der neuen Kinderkrippe ausgebaut. Die Krippe wird personell und organisatorisch durch die Marktgemeinde Burghaun betrieben, die zu diesem Zweck die R\u00e4umlichkeiten von der ev. Kirche angemietet hat.<\/p>\n<p><a href=\"http:\/\/www.schoene-nachrichten.de\/wp-content\/uploads\/2009\/12\/091231_Burghaun3.jpg\"><img decoding=\"async\" src=\"http:\/\/www.schoene-nachrichten.de\/wp-content\/uploads\/2009\/12\/091231_Burghaun3-265x198.jpg\" alt=\"091231_Burghaun3\" title=\"091231_Burghaun3\" width=\"265\" height=\"198\" class=\"alignnone size-medium wp-image-48781\" srcset=\"https:\/\/www.fuldaernachrichten.de\/wp-content\/uploads\/2009\/12\/091231_Burghaun3-265x198.jpg 265w, https:\/\/www.fuldaernachrichten.de\/wp-content\/uploads\/2009\/12\/091231_Burghaun3.jpg 600w\" sizes=\"(max-width: 265px) 100vw, 265px\" \/><\/a> <a href=\"http:\/\/www.schoene-nachrichten.de\/wp-content\/uploads\/2009\/12\/091231_Burghaun2.jpg\"><img decoding=\"async\" src=\"http:\/\/www.schoene-nachrichten.de\/wp-content\/uploads\/2009\/12\/091231_Burghaun2-265x198.jpg\" alt=\"091231_Burghaun2\" title=\"091231_Burghaun2\" width=\"265\" height=\"198\" class=\"alignnone size-medium wp-image-48780\" srcset=\"https:\/\/www.fuldaernachrichten.de\/wp-content\/uploads\/2009\/12\/091231_Burghaun2-265x198.jpg 265w, https:\/\/www.fuldaernachrichten.de\/wp-content\/uploads\/2009\/12\/091231_Burghaun2.jpg 600w\" sizes=\"(max-width: 265px) 100vw, 265px\" \/><\/a><\/p>\n<p>Durch die Umbauarbeiten werden in jedem Kindergarten Krippenpl\u00e4tze f\u00fcr 10 Krabbelkinder zwischen 6 Monaten und 3 Jahren geschaffen. Die Betreuungszeit wird sich von 07:30 bis 16:00 Uhr erstrecken. Beide Krippeneinrichtungen unterliegen der Tr\u00e4gerschaft der Marktgemeinde Burghaun. Die Betreuung wird vom \u00f6rtlichen Kindergartenpersonal \u201eKiebitznest\u201c in Gro\u00dfenmoor und \u201eRegenbogenland\u201c Burghaun \u00fcbernommen. Wir bitten alle interessierten Eltern sich mit den Kindertagest\u00e4ttenleiterinnen Susanne Schmidt und Monika Leinweber in Verbindung zu setzen. Die Betreuungsgeb\u00fchren f\u00fcr einen Halbtagsplatz betr\u00e4gt 150,00 \u00e2\u201a\u00ac und f\u00fcr einen Ganztagsplatz 180,00 \u00e2\u201a\u00ac <\/p>\n<p>Die Ausbauten werden im Rahmen des Investitionsprogramms Kinderbetreuungsfinanzierung\u201c 2008  mit jeweils 40.000,- \u00e2\u201a\u00ac f\u00fcr die Bauma\u00dfnahmen und jeweils 5.000,00,- \u00e2\u201a\u00ac f\u00fcr Ausstattungsinvestitionen vom Landkreis Fulda gef\u00f6rdert.<\/p>\n","protected":false},"excerpt":{"rendered":"<div class=\"tmnf_excerpt\"><p>Burghaun. Die Umbauarbeiten f\u00fcr die neuen Kinderkrippen im Kindergarten \u201eKiebitznest\u201c Gro\u00dfenmoor und im Geb\u00e4ude des evangelischen Kindergartens in Burghaun sind in vollem Gange. Dar\u00fcber informiert B\u00fcrgermeister Alexander Hohmann Im Kindergarten Gro\u00dfenmoor wird in diesem Rahmen das Dachgeschoss ausgebaut. Hier entstehen ein neuer Materialraum sowie ein Personalraum mit WC. Im Erdgeschoss werden durch Umbauma\u00dfnahmen, neben einem &hellip;<\/p>\n<\/div>","protected":false},"author":1,"featured_media":0,"comment_status":"closed","ping_status":"closed","sticky":false,"template":"","format":"standard","meta":{"footnotes":""},"categories":[1,29],"tags":[],"class_list":["post-48778","post","type-post","status-publish","format-standard","hentry","category-startseite","category-politik"],"_links":{"self":[{"href":"https:\/\/www.fuldaernachrichten.de\/index.php?rest_route=\/wp\/v2\/posts\/48778","targetHints":{"allow":["GET"]}}],"collection":[{"href":"https:\/\/www.fuldaernachrichten.de\/index.php?rest_route=\/wp\/v2\/posts"}],"about":[{"href":"https:\/\/www.fuldaernachrichten.de\/index.php?rest_route=\/wp\/v2\/types\/post"}],"author":[{"embeddable":true,"href":"https:\/\/www.fuldaernachrichten.de\/index.php?rest_route=\/wp\/v2\/users\/1"}],"replies":[{"embeddable":true,"href":"https:\/\/www.fuldaernachrichten.de\/index.php?rest_route=%2Fwp%2Fv2%2Fcomments&post=48778"}],"version-history":[{"count":5,"href":"https:\/\/www.fuldaernachrichten.de\/index.php?rest_route=\/wp\/v2\/posts\/48778\/revisions"}],"predecessor-version":[{"id":48789,"href":"https:\/\/www.fuldaernachrichten.de\/index.php?rest_route=\/wp\/v2\/posts\/48778\/revisions\/48789"}],"wp:attachment":[{"href":"https:\/\/www.fuldaernachrichten.de\/index.php?rest_route=%2Fwp%2Fv2%2Fmedia&parent=48778"}],"wp:term":[{"taxonomy":"category","embeddable":true,"href":"https:\/\/www.fuldaernachrichten.de\/index.php?rest_route=%2Fwp%2Fv2%2Fcategories&post=48778"},{"taxonomy":"post_tag","embeddable":true,"href":"https:\/\/www.fuldaernachrichten.de\/index.php?rest_route=%2Fwp%2Fv2%2Ftags&post=48778"}],"curies":[{"name":"wp","href":"https:\/\/api.w.org\/{rel}","templated":true}]}}