{"id":48769,"date":"2010-01-01T02:37:40","date_gmt":"2010-01-01T01:37:40","guid":{"rendered":"http:\/\/www.schoene-nachrichten.de\/?p=48769"},"modified":"2010-01-01T02:53:48","modified_gmt":"2010-01-01T01:53:48","slug":"der-kuerzeste-weg-ist-nicht-immer-der-sicherste-weg","status":"publish","type":"post","link":"https:\/\/www.fuldaernachrichten.de\/?p=48769","title":{"rendered":"\u201eDer k\u00fcrzeste Weg ist nicht immer der sicherste Weg\u201c"},"content":{"rendered":"<p><a href=\"http:\/\/www.schoene-nachrichten.de\/wp-content\/uploads\/2009\/12\/091231_Schulwegsicherheit.jpg\"><img decoding=\"async\" src=\"http:\/\/www.schoene-nachrichten.de\/wp-content\/uploads\/2009\/12\/091231_Schulwegsicherheit.jpg\" alt=\"091231_Schulwegsicherheit\" width=\"560\" class=\"alignnone size-medium wp-image-48771\" srcset=\"https:\/\/www.fuldaernachrichten.de\/wp-content\/uploads\/2009\/12\/091231_Schulwegsicherheit.jpg 600w, https:\/\/www.fuldaernachrichten.de\/wp-content\/uploads\/2009\/12\/091231_Schulwegsicherheit-265x176.jpg 265w\" sizes=\"(max-width: 600px) 100vw, 600px\" \/><\/a> <\/p>\n<p><strong>Fulda. <\/strong>Dank der Weihnachtsferien k\u00f6nnen viele Sch\u00fcler zurzeit ausschlafen und m\u00fcssen sich nicht in winterlicher Dunkelheit auf den Weg zur Schule machen. Doch nach den freien Tagen sind wieder \u00fcberall im Landkreis Sch\u00fclerinnen und Sch\u00fcler zu Fu\u00df, mit Bussen oder Fahrr\u00e4dern unterwegs, um zum Unterricht zu gelangen.<!--more--><\/p>\n<p>Damit der Fu\u00dfweg zur Schule m\u00f6glichst wenige Gefahrenquellen aufweist, erstellen Schulleitung, Polizei und Verkehrsbeh\u00f6rde mindestens bis zur siebten Klasse Schulwegpl\u00e4ne, denen Sch\u00fclerinnen und Sch\u00fcler sowie die Eltern den sichersten Weg zur Schule entnehmen k\u00f6nnen. \u201eDiese Pl\u00e4ne werden bei infrastrukturellen oder verkehrlichen Ver\u00e4nderungen aktualisiert und an die Sch\u00fclerinnen und Sch\u00fcler sowie ihre Eltern ausgeh\u00e4ndigt\u201c, erkl\u00e4rt Felix Gaul, Fachdienstleiter Schulen der Kreisschulverwaltung. Und auch f\u00fcr diejenigen Sch\u00fcler, die mit dem Fahrrad unterwegs sind, halten Kreisverwaltung und Polizei Ma\u00dfnahmen f\u00fcr einen sicheren Schulweg bereit. Mithilfe der Fahrradausbildung der Jugendverkehrsschule des Landkreises werden die Sch\u00fclerinnen und Sch\u00fcler f\u00fcr den Schulweg mit dem Fahrrad fit gemacht.<\/p>\n<p>Die meisten Sch\u00fcler gehen &#8211; zumindest in den Wintermonaten &#8211; zu Fu\u00df in die Schule oder fahren mit dem Schulbus. Um den Fu\u00dfweg so gefahrenfrei wie m\u00f6glich zu halten, verf\u00fcgt jede Schulleitung \u00fcber einen Schulwegplan, auf dem die sichersten Wege zur Schule gekennzeichnet sind. Damit die Sch\u00fcler wissen, welchen Weg sie von ihrem zu Hause zur Schule gehen sollen, werden die Eltern der Anfangsklassen gebeten, den Schulweg ihrer Kinder zu skizzieren. Das Gremium der zust\u00e4ndigen Beh\u00f6rden \u00fcberpr\u00fcft diese Skizzen anhand ihrer Pl\u00e4ne und schl\u00e4gt den sichersten Fu\u00dfweg vor. Der Schulwegplan wird rechtzeitig vor Schulbeginn an die Eltern mit der Bitte ausgegeben, ihn mit den Kindern einzu\u00fcben. So erh\u00e4lt jeder Sch\u00fcler bis zur siebten Klasse einen Schulwegplan, der so viele Gefahrenquellen wie m\u00f6glich umgeht. Au\u00dferdem ist der Schulwegplan Gegenstand der schulischen Ver-kehrserziehung. Da Wohngebiete zusammengefasst werden, kann der Schulweg gemeinsam mit anderen Laufsch\u00fclern zur\u00fcckgelegt werden. <\/p>\n<p>\u201eWir wollen auch erreichen, dass die Sch\u00fclerinnen und Sch\u00fcler wieder mehr laufen\u201c, unterstreicht Engelbert Auth vom Regionalen Verkehrsdienst. Dennoch: \u201eMan darf nicht vergessen, dass Kinder eben Kinder sind. Deshalb m\u00fcssen auf dem Schulweg Umwege in Kauf genommen werden, um Gefahren zu minimieren. Der k\u00fcrzeste Weg ist nicht immer der si-cherste Weg.\u201c <\/p>\n<p>Auch wenn es derzeit noch kalt drau\u00dfen ist, werden schon in einigen Wochen wieder viele Sch\u00fcler mit dem Fahrrad zum Unterricht fahren. Auch dabei lauern Gefahren. Damit sich die Sch\u00fclerinnen und Sch\u00fcler sicher und vorausschauend im Stra\u00dfenverkehr bewegen k\u00f6nnen, nehmen kreisweit alle Viertkl\u00e4ssler im Rahmen der schulischen Verkehrserziehung an einer Radfahrausbildung teil. In Kleingruppen und mit dem eigenen Fahrrad lernen die Kinder von den Ausbildern der Jugendverkehrsschule des Landkreises Fulda, die organisatorisch dem Polizeipr\u00e4sidium Osthessen unterstellt ist, das richtige Verhalten im Stra\u00dfenverkehr. F\u00fcr einen m\u00f6glichst gro\u00dfen Lernerfolg wird das Fahren im realen Verkehr ge\u00fcbt. Nach der Schulung sollten die Sch\u00fclerinnen und Sch\u00fcler in der Lage sein, ihren Schulweg auch mit dem Fahrrad sicher zu bew\u00e4ltigen. Auth appelliert in diesem Zusammenhang an die Eltern: \u201eMan sollte nicht zu fr\u00fch beginnen, die Kinder mit dem Fahrrad in die Schule fahren zu lassen. Erst wenn sie die Radfahrausbildung hinter sich gebracht haben, k\u00f6nnen sie den Schulweg auch mit dem Fahrrad sicher bew\u00e4ltigen.\u201c <\/p>\n","protected":false},"excerpt":{"rendered":"<div class=\"tmnf_excerpt\"><p>Fulda. Dank der Weihnachtsferien k\u00f6nnen viele Sch\u00fcler zurzeit ausschlafen und m\u00fcssen sich nicht in winterlicher Dunkelheit auf den Weg zur Schule machen. Doch nach den freien Tagen sind wieder \u00fcberall im Landkreis Sch\u00fclerinnen und Sch\u00fcler zu Fu\u00df, mit Bussen oder Fahrr\u00e4dern unterwegs, um zum Unterricht zu gelangen.<\/p>\n<\/div>","protected":false},"author":1,"featured_media":0,"comment_status":"closed","ping_status":"closed","sticky":false,"template":"","format":"standard","meta":{"footnotes":""},"categories":[1,35,78],"tags":[],"class_list":["post-48769","post","type-post","status-publish","format-standard","hentry","category-startseite","category-auto","category-topthema"],"_links":{"self":[{"href":"https:\/\/www.fuldaernachrichten.de\/index.php?rest_route=\/wp\/v2\/posts\/48769","targetHints":{"allow":["GET"]}}],"collection":[{"href":"https:\/\/www.fuldaernachrichten.de\/index.php?rest_route=\/wp\/v2\/posts"}],"about":[{"href":"https:\/\/www.fuldaernachrichten.de\/index.php?rest_route=\/wp\/v2\/types\/post"}],"author":[{"embeddable":true,"href":"https:\/\/www.fuldaernachrichten.de\/index.php?rest_route=\/wp\/v2\/users\/1"}],"replies":[{"embeddable":true,"href":"https:\/\/www.fuldaernachrichten.de\/index.php?rest_route=%2Fwp%2Fv2%2Fcomments&post=48769"}],"version-history":[{"count":19,"href":"https:\/\/www.fuldaernachrichten.de\/index.php?rest_route=\/wp\/v2\/posts\/48769\/revisions"}],"predecessor-version":[{"id":48863,"href":"https:\/\/www.fuldaernachrichten.de\/index.php?rest_route=\/wp\/v2\/posts\/48769\/revisions\/48863"}],"wp:attachment":[{"href":"https:\/\/www.fuldaernachrichten.de\/index.php?rest_route=%2Fwp%2Fv2%2Fmedia&parent=48769"}],"wp:term":[{"taxonomy":"category","embeddable":true,"href":"https:\/\/www.fuldaernachrichten.de\/index.php?rest_route=%2Fwp%2Fv2%2Fcategories&post=48769"},{"taxonomy":"post_tag","embeddable":true,"href":"https:\/\/www.fuldaernachrichten.de\/index.php?rest_route=%2Fwp%2Fv2%2Ftags&post=48769"}],"curies":[{"name":"wp","href":"https:\/\/api.w.org\/{rel}","templated":true}]}}