{"id":48764,"date":"2010-01-01T02:52:01","date_gmt":"2010-01-01T01:52:01","guid":{"rendered":"http:\/\/www.schoene-nachrichten.de\/?p=48764"},"modified":"2010-01-01T02:55:37","modified_gmt":"2010-01-01T01:55:37","slug":"veranstaltungskalender-adoption-fuer-das-jahr-2010-erschienen","status":"publish","type":"post","link":"https:\/\/www.fuldaernachrichten.de\/?p=48764","title":{"rendered":"Veranstaltungskalender Adoption f\u00fcr das Jahr 2010 erschienen"},"content":{"rendered":"<p><a href=\"http:\/\/www.schoene-nachrichten.de\/wp-content\/uploads\/2009\/12\/091231_Adoption.jpg\"><img fetchpriority=\"high\" decoding=\"async\" src=\"http:\/\/www.schoene-nachrichten.de\/wp-content\/uploads\/2009\/12\/091231_Adoption-265x563.jpg\" alt=\"091231_Adoption\" title=\"091231_Adoption\" hspace=\"5\" align=\"left\" width=\"265\" height=\"563\" class=\"alignnone size-medium wp-image-48765\" srcset=\"https:\/\/www.fuldaernachrichten.de\/wp-content\/uploads\/2009\/12\/091231_Adoption-265x563.jpg 265w, https:\/\/www.fuldaernachrichten.de\/wp-content\/uploads\/2009\/12\/091231_Adoption.jpg 282w\" sizes=\"(max-width: 265px) 100vw, 265px\" \/><\/a><strong>H\u00fcnfeld.<\/strong> Die gemeinsame Adoptionsvermittlungsstelle der Landkreise Fulda und Bad-Hersfeld sowie der Stadt Fulda hat f\u00fcr interessierte B\u00fcrgerinnen und B\u00fcrger einen Veranstaltungskalender \u201eAdoption im In- und Ausland\u201c f\u00fcr das Jahr 2010 zusammengestellt. Sowohl Paare, die sich f\u00fcr die Adoption eines Kindes interessieren, als auch Adoptivfamilien und Menschen, die nach ihrer Herkunft suchen, finden hier Veranstaltungen, Informationen, Kontakte, Beratung und Erfahrungsaustausch. Der Kalender ist erh\u00e4ltlich bei der gemeinsamen Adoptionsvermittlungsstelle, Am Anger 4, in 36088 H\u00fcnfeld, Telefon: 06652\/181-60 und -67, eMail: adoption@landkreis-fulda.de.<\/p>\n","protected":false},"excerpt":{"rendered":"<div class=\"tmnf_excerpt\"><p>H\u00fcnfeld. Die gemeinsame Adoptionsvermittlungsstelle der Landkreise Fulda und Bad-Hersfeld sowie der Stadt Fulda hat f\u00fcr interessierte B\u00fcrgerinnen und B\u00fcrger einen Veranstaltungskalender \u201eAdoption im In- und Ausland\u201c f\u00fcr das Jahr 2010 zusammengestellt. Sowohl Paare, die sich f\u00fcr die Adoption eines Kindes interessieren, als auch Adoptivfamilien und Menschen, die nach ihrer Herkunft suchen, finden hier Veranstaltungen, Informationen, &hellip;<\/p>\n<\/div>","protected":false},"author":1,"featured_media":0,"comment_status":"closed","ping_status":"closed","sticky":false,"template":"","format":"standard","meta":{"footnotes":""},"categories":[1,72],"tags":[],"class_list":["post-48764","post","type-post","status-publish","format-standard","hentry","category-startseite","category-jugend"],"_links":{"self":[{"href":"https:\/\/www.fuldaernachrichten.de\/index.php?rest_route=\/wp\/v2\/posts\/48764","targetHints":{"allow":["GET"]}}],"collection":[{"href":"https:\/\/www.fuldaernachrichten.de\/index.php?rest_route=\/wp\/v2\/posts"}],"about":[{"href":"https:\/\/www.fuldaernachrichten.de\/index.php?rest_route=\/wp\/v2\/types\/post"}],"author":[{"embeddable":true,"href":"https:\/\/www.fuldaernachrichten.de\/index.php?rest_route=\/wp\/v2\/users\/1"}],"replies":[{"embeddable":true,"href":"https:\/\/www.fuldaernachrichten.de\/index.php?rest_route=%2Fwp%2Fv2%2Fcomments&post=48764"}],"version-history":[{"count":4,"href":"https:\/\/www.fuldaernachrichten.de\/index.php?rest_route=\/wp\/v2\/posts\/48764\/revisions"}],"predecessor-version":[{"id":48864,"href":"https:\/\/www.fuldaernachrichten.de\/index.php?rest_route=\/wp\/v2\/posts\/48764\/revisions\/48864"}],"wp:attachment":[{"href":"https:\/\/www.fuldaernachrichten.de\/index.php?rest_route=%2Fwp%2Fv2%2Fmedia&parent=48764"}],"wp:term":[{"taxonomy":"category","embeddable":true,"href":"https:\/\/www.fuldaernachrichten.de\/index.php?rest_route=%2Fwp%2Fv2%2Fcategories&post=48764"},{"taxonomy":"post_tag","embeddable":true,"href":"https:\/\/www.fuldaernachrichten.de\/index.php?rest_route=%2Fwp%2Fv2%2Ftags&post=48764"}],"curies":[{"name":"wp","href":"https:\/\/api.w.org\/{rel}","templated":true}]}}