{"id":4871,"date":"2007-08-25T00:32:05","date_gmt":"2007-08-24T22:32:05","guid":{"rendered":"http:\/\/www.schoene-nachrichten.de\/?p=4871"},"modified":"2007-08-26T01:37:19","modified_gmt":"2007-08-25T23:37:19","slug":"heilige-des-tages-heute-ludwig-der-ix-der-heilige","status":"publish","type":"post","link":"https:\/\/www.fuldaernachrichten.de\/?p=4871","title":{"rendered":"\u201cHeilige des Tages\u00e2\u20ac\u009d &#8211; heute: Ludwig der IX \u2013 der \u201cHeilige\u00e2\u20ac\u009d"},"content":{"rendered":"<p><img decoding=\"async\" align=\"left\" src=\"http:\/\/www.schoene-nachrichten.de\/wp-content\/uploads\/2007\/07\/070704_bistum1.jpg\" hspace=\"5\" alt=\"070704_bistum1.jpg\" \/><strong>Serie. <\/strong>Ludwig der Heilige wurde 1214 in Frankreich geboren als Sohn von K\u00f6nig Ludwig VIII oder dem L\u00f6wen und seiner Frau Blanche von Kastilien. Der Vater verstarb sehr fr\u00fch. Mit 12 Jahren wurde er bereits in Reims zum K\u00f6nig gekr\u00f6nt. Seine Mutter rettete ihm den Thron durch ihre Regentschaft bis er 1242 die Macht \u00fcbernahm. Er war verheiratet mit Margarete von Provence und sie hatten 11 Kinder \u2013 unter ihnen Philipp III, der sp\u00e4tere K\u00f6nig von Frankreich.<\/p>\n<p><strong>Video ansehen mit:<\/strong> <a target=\"_blank\" href=\"http:\/\/www.schoene-nachrichten.de\/wp-content\/uploads\/2007\/08\/070825_Bistum.wmv\">Windows Media Player<\/a> oder <a target=\"_blank\" href=\"http:\/\/www.schoene-nachrichten.de\/Video\/070825_Bistum.rmvb\">Real Media Player<\/a><\/p>\n<p><!--more-->Ludwig war ein frommer Mann \u2013 das Resultat der Erziehung seiner Mutter, an der er mit z\u00e4rtlicher und dankbarer Liebe hing, und die er auch als Herrscher in allen schwierigen Regierungsangelegenheiten um Rat fragte.<\/p>\n<p>W\u00e4hrend seiner Regierungszeit konnten sich sie neuen Bettelorden der Franziskaner und Dominikaner ungehindert entfalten. Er selbst ahmte das Leben des Hl. Franz von Assisi nach und trug angeblich unter seinem k\u00f6niglichen Gewand, die M\u00f6nchskutte.\u00c2\u00a0 Er war besorgt um das Wohl der Kirche, baute Dome und Abteien, gr\u00fcndete die Universit\u00e4t von Toulouse und f\u00f6rderte die Lehrt\u00e4tigkeit des Thomas von Aquin und Bonaventura in Paris. Er rief auch die heute noch ber\u00fchmte Universit\u00e4t Sorbonne ins Leben. F\u00fcr viel Geld erwarb er die Dornenkrone Christi und lie\u00df daf\u00fcr die Sainte-Chapelle errichten, um dort die Reliquie zu ehren.<\/p>\n<p>W\u00e4hrend einer schweren Krankheit gelobte er Gott bei Genesung einen Kreuzzug.<\/p>\n<p>Sowohl der Kreuzzug nach \u00c4gypten wie auch der Kreuzzug nach Tunesien scheiterten. Bei letzterem starb er an Ruhr in Tunesien am 25. April 1270. Seine sterbliche H\u00fclle wurde auf dem Landweg nach Frankreich zur\u00fcckgebracht und sein Haupt liegt in Paris in der Sainte-Chapelle nahe der Dornenkrone.<\/p>\n<p>1297 wurde Ludwig IX von Papst Bonifatius VIII heilig gesprochen.<\/p>\n<p><img decoding=\"async\" src=\"http:\/\/www.schoene-nachrichten.de\/wp-content\/uploads\/2007\/02\/x_sponsor.gif\" alt=\"x_sponsor.gif\" \/>[local \/wp-content\/uploads\/2007\/08\/070825_Bistum.wmv]<\/p>\n","protected":false},"excerpt":{"rendered":"<div class=\"tmnf_excerpt\"><p>Serie. Ludwig der Heilige wurde 1214 in Frankreich geboren als Sohn von K\u00f6nig Ludwig VIII oder dem L\u00f6wen und seiner Frau Blanche von Kastilien. Der Vater verstarb sehr fr\u00fch. Mit 12 Jahren wurde er bereits in Reims zum K\u00f6nig gekr\u00f6nt. Seine Mutter rettete ihm den Thron durch ihre Regentschaft bis er 1242 die Macht \u00fcbernahm. &hellip;<\/p>\n<\/div>","protected":false},"author":1,"featured_media":0,"comment_status":"closed","ping_status":"closed","sticky":false,"template":"","format":"standard","meta":{"footnotes":""},"categories":[1,50],"tags":[],"class_list":["post-4871","post","type-post","status-publish","format-standard","hentry","category-startseite","category-kirche"],"_links":{"self":[{"href":"https:\/\/www.fuldaernachrichten.de\/index.php?rest_route=\/wp\/v2\/posts\/4871","targetHints":{"allow":["GET"]}}],"collection":[{"href":"https:\/\/www.fuldaernachrichten.de\/index.php?rest_route=\/wp\/v2\/posts"}],"about":[{"href":"https:\/\/www.fuldaernachrichten.de\/index.php?rest_route=\/wp\/v2\/types\/post"}],"author":[{"embeddable":true,"href":"https:\/\/www.fuldaernachrichten.de\/index.php?rest_route=\/wp\/v2\/users\/1"}],"replies":[{"embeddable":true,"href":"https:\/\/www.fuldaernachrichten.de\/index.php?rest_route=%2Fwp%2Fv2%2Fcomments&post=4871"}],"version-history":[{"count":0,"href":"https:\/\/www.fuldaernachrichten.de\/index.php?rest_route=\/wp\/v2\/posts\/4871\/revisions"}],"wp:attachment":[{"href":"https:\/\/www.fuldaernachrichten.de\/index.php?rest_route=%2Fwp%2Fv2%2Fmedia&parent=4871"}],"wp:term":[{"taxonomy":"category","embeddable":true,"href":"https:\/\/www.fuldaernachrichten.de\/index.php?rest_route=%2Fwp%2Fv2%2Fcategories&post=4871"},{"taxonomy":"post_tag","embeddable":true,"href":"https:\/\/www.fuldaernachrichten.de\/index.php?rest_route=%2Fwp%2Fv2%2Ftags&post=4871"}],"curies":[{"name":"wp","href":"https:\/\/api.w.org\/{rel}","templated":true}]}}