{"id":48703,"date":"2010-01-01T06:46:07","date_gmt":"2010-01-01T05:46:07","guid":{"rendered":"http:\/\/www.schoene-nachrichten.de\/?p=48703"},"modified":"2009-12-31T14:21:07","modified_gmt":"2009-12-31T13:21:07","slug":"fachkraeftemangel-im-malerhandwerk-begegnen","status":"publish","type":"post","link":"https:\/\/www.fuldaernachrichten.de\/?p=48703","title":{"rendered":"Fachkr\u00e4ftemangel im Malerhandwerk begegnen"},"content":{"rendered":"<p><a href=\"http:\/\/www.schoene-nachrichten.de\/wp-content\/uploads\/2009\/12\/091229_Malerhelfer1.jpg\"><img fetchpriority=\"high\" decoding=\"async\" src=\"http:\/\/www.schoene-nachrichten.de\/wp-content\/uploads\/2009\/12\/091229_Malerhelfer1-265x198.jpg\" alt=\"091229_Malerhelfer1\" title=\"091229_Malerhelfer1\" hspace=\"5\" align=\"left\" width=\"265\" height=\"198\" class=\"alignnone size-medium wp-image-48704\" srcset=\"https:\/\/www.fuldaernachrichten.de\/wp-content\/uploads\/2009\/12\/091229_Malerhelfer1-265x198.jpg 265w, https:\/\/www.fuldaernachrichten.de\/wp-content\/uploads\/2009\/12\/091229_Malerhelfer1.jpg 600w\" sizes=\"(max-width: 265px) 100vw, 265px\" \/><\/a><strong>Fulda. <\/strong>Im Bereich des Malerhandwerks herrscht schon l\u00e4ngere Zeit ein Mangel an ausgebildeten Fachkr\u00e4ften. Durch eine gemeinsame Qualifizierungsma\u00dfnahme im Rahmen des Projekts Perspektive 50plus wurden von der Maler- und Lackierer-Innung Fulda-H\u00fcnfeld in enger Zusammenarbeit mit dem Amt f\u00fcr Arbeit und Soziales des Landkreises Fulda geeignete Langzeitarbeitslose zu Malerhelfern ausgebildet. Die Ma\u00dfnahme dauerte rund zw\u00f6lf Wochen und vermittelte in etwa die Inhalte einer Lehrlingsausbildung bis zum Stand der Zwischenpr\u00fcfung. <!--more--><\/p>\n<p>F\u00fcr die Ausbildung von Malerhelfern hatte die Innung in Burghaun-Rothenkirchen auf dem Gel\u00e4nde des Innungsfachbetriebs Ralf Gutperl eine Halle mit kompletter Ausstattung einschlie\u00dflich Sozialr\u00e4umen angemietet. Ein Teil der Qualifizierung bestand aus einer betrieblichen Praxiserprobung. Bereits hier konnten einige Teilnehmer in ein festes Anstellungsverh\u00e4ltnis \u00fcbernommen werden. Wer noch keine Arbeit gefunden hat, wird durch die Zeitarbeitsfirma der Kreishandwerkerschaft \u201ePerspektive pro Handwerk GmbH\u201c besch\u00e4ftigt. So ist gew\u00e4hrleistet, dass sich die Teilnehmer in der Praxis beweisen k\u00f6nnen.<\/p>\n<p>Unternehmen, die Bedarf an Malerhelfern haben, setzen sich bitte direkt mit \u201ePerspektive pro Handwerk GmbH\u201c unter Tel. 0661\/90224-31 in Verbindung. Wer Interesse an einer Zusammenarbeit innerhalb einer Qualifizierungspartnerschaft hat, soll sie sich bitte beim Projektleiter \u201ePerspektive 50plus\u201c im Amt f\u00fcr Arbeit und Soziales, Ulrich Nesemann, melden.<\/p>\n","protected":false},"excerpt":{"rendered":"<div class=\"tmnf_excerpt\"><p>Fulda. Im Bereich des Malerhandwerks herrscht schon l\u00e4ngere Zeit ein Mangel an ausgebildeten Fachkr\u00e4ften. Durch eine gemeinsame Qualifizierungsma\u00dfnahme im Rahmen des Projekts Perspektive 50plus wurden von der Maler- und Lackierer-Innung Fulda-H\u00fcnfeld in enger Zusammenarbeit mit dem Amt f\u00fcr Arbeit und Soziales des Landkreises Fulda geeignete Langzeitarbeitslose zu Malerhelfern ausgebildet. Die Ma\u00dfnahme dauerte rund zw\u00f6lf Wochen &hellip;<\/p>\n<\/div>","protected":false},"author":1,"featured_media":0,"comment_status":"closed","ping_status":"closed","sticky":false,"template":"","format":"standard","meta":{"footnotes":""},"categories":[1,53],"tags":[],"class_list":["post-48703","post","type-post","status-publish","format-standard","hentry","category-startseite","category-bildung"],"_links":{"self":[{"href":"https:\/\/www.fuldaernachrichten.de\/index.php?rest_route=\/wp\/v2\/posts\/48703","targetHints":{"allow":["GET"]}}],"collection":[{"href":"https:\/\/www.fuldaernachrichten.de\/index.php?rest_route=\/wp\/v2\/posts"}],"about":[{"href":"https:\/\/www.fuldaernachrichten.de\/index.php?rest_route=\/wp\/v2\/types\/post"}],"author":[{"embeddable":true,"href":"https:\/\/www.fuldaernachrichten.de\/index.php?rest_route=\/wp\/v2\/users\/1"}],"replies":[{"embeddable":true,"href":"https:\/\/www.fuldaernachrichten.de\/index.php?rest_route=%2Fwp%2Fv2%2Fcomments&post=48703"}],"version-history":[{"count":5,"href":"https:\/\/www.fuldaernachrichten.de\/index.php?rest_route=\/wp\/v2\/posts\/48703\/revisions"}],"predecessor-version":[{"id":48856,"href":"https:\/\/www.fuldaernachrichten.de\/index.php?rest_route=\/wp\/v2\/posts\/48703\/revisions\/48856"}],"wp:attachment":[{"href":"https:\/\/www.fuldaernachrichten.de\/index.php?rest_route=%2Fwp%2Fv2%2Fmedia&parent=48703"}],"wp:term":[{"taxonomy":"category","embeddable":true,"href":"https:\/\/www.fuldaernachrichten.de\/index.php?rest_route=%2Fwp%2Fv2%2Fcategories&post=48703"},{"taxonomy":"post_tag","embeddable":true,"href":"https:\/\/www.fuldaernachrichten.de\/index.php?rest_route=%2Fwp%2Fv2%2Ftags&post=48703"}],"curies":[{"name":"wp","href":"https:\/\/api.w.org\/{rel}","templated":true}]}}