{"id":48683,"date":"2010-01-02T02:04:45","date_gmt":"2010-01-02T01:04:45","guid":{"rendered":"http:\/\/www.schoene-nachrichten.de\/?p=48683"},"modified":"2009-12-31T14:21:33","modified_gmt":"2009-12-31T13:21:33","slug":"sprechtag-des-versorgungsamtes","status":"publish","type":"post","link":"https:\/\/www.fuldaernachrichten.de\/?p=48683","title":{"rendered":"Sprechtag des Versorgungsamtes"},"content":{"rendered":"<p><strong>H\u00fcnfeld.<\/strong> Der n\u00e4chste Sprechtag des Versorgungsamts Fulda findet am Montag, 4. Januar, von 13 Uhr bis 15 Uhr im st\u00e4dtischen Haus in der Brunnenstra\u00dfe 14, gegen\u00fcber Parkplatz Stadthalle Kolpinghaus, statt.<\/p>\n","protected":false},"excerpt":{"rendered":"<div class=\"tmnf_excerpt\"><p>H\u00fcnfeld. Der n\u00e4chste Sprechtag des Versorgungsamts Fulda findet am Montag, 4. Januar, von 13 Uhr bis 15 Uhr im st\u00e4dtischen Haus in der Brunnenstra\u00dfe 14, gegen\u00fcber Parkplatz Stadthalle Kolpinghaus, statt.<\/p>\n<\/div>","protected":false},"author":1,"featured_media":0,"comment_status":"closed","ping_status":"closed","sticky":false,"template":"","format":"standard","meta":{"footnotes":""},"categories":[1,29],"tags":[],"class_list":["post-48683","post","type-post","status-publish","format-standard","hentry","category-startseite","category-politik"],"_links":{"self":[{"href":"https:\/\/www.fuldaernachrichten.de\/index.php?rest_route=\/wp\/v2\/posts\/48683","targetHints":{"allow":["GET"]}}],"collection":[{"href":"https:\/\/www.fuldaernachrichten.de\/index.php?rest_route=\/wp\/v2\/posts"}],"about":[{"href":"https:\/\/www.fuldaernachrichten.de\/index.php?rest_route=\/wp\/v2\/types\/post"}],"author":[{"embeddable":true,"href":"https:\/\/www.fuldaernachrichten.de\/index.php?rest_route=\/wp\/v2\/users\/1"}],"replies":[{"embeddable":true,"href":"https:\/\/www.fuldaernachrichten.de\/index.php?rest_route=%2Fwp%2Fv2%2Fcomments&post=48683"}],"version-history":[{"count":2,"href":"https:\/\/www.fuldaernachrichten.de\/index.php?rest_route=\/wp\/v2\/posts\/48683\/revisions"}],"predecessor-version":[{"id":48857,"href":"https:\/\/www.fuldaernachrichten.de\/index.php?rest_route=\/wp\/v2\/posts\/48683\/revisions\/48857"}],"wp:attachment":[{"href":"https:\/\/www.fuldaernachrichten.de\/index.php?rest_route=%2Fwp%2Fv2%2Fmedia&parent=48683"}],"wp:term":[{"taxonomy":"category","embeddable":true,"href":"https:\/\/www.fuldaernachrichten.de\/index.php?rest_route=%2Fwp%2Fv2%2Fcategories&post=48683"},{"taxonomy":"post_tag","embeddable":true,"href":"https:\/\/www.fuldaernachrichten.de\/index.php?rest_route=%2Fwp%2Fv2%2Ftags&post=48683"}],"curies":[{"name":"wp","href":"https:\/\/api.w.org\/{rel}","templated":true}]}}