{"id":48648,"date":"2009-12-30T06:08:20","date_gmt":"2009-12-30T05:08:20","guid":{"rendered":"http:\/\/www.schoene-nachrichten.de\/?p=48648"},"modified":"2009-12-29T18:48:18","modified_gmt":"2009-12-29T17:48:18","slug":"mittagsservice-im-mehrgenerationenhaus-josefsgarten-wird-ab-januar-erweitert","status":"publish","type":"post","link":"https:\/\/www.fuldaernachrichten.de\/?p=48648","title":{"rendered":"Mittagsservice im Mehrgenerationenhaus Josefsgarten wird ab Januar erweitert"},"content":{"rendered":"<p><a href=\"http:\/\/www.schoene-nachrichten.de\/wp-content\/uploads\/2009\/12\/091228_Josefsgarten.jpg\"><img decoding=\"async\" src=\"http:\/\/www.schoene-nachrichten.de\/wp-content\/uploads\/2009\/12\/091228_Josefsgarten.jpg\" alt=\"091228_Josefsgarten\" width=\"560\"  class=\"alignnone size-medium wp-image-48650\" srcset=\"https:\/\/www.fuldaernachrichten.de\/wp-content\/uploads\/2009\/12\/091228_Josefsgarten.jpg 600w, https:\/\/www.fuldaernachrichten.de\/wp-content\/uploads\/2009\/12\/091228_Josefsgarten-265x176.jpg 265w\" sizes=\"(max-width: 600px) 100vw, 600px\" \/><\/a><strong>Fulda. <\/strong>Das Mehrgenerationenhaus (MGH) Fulda-Josefsgarten hat sich f\u00fcr 2010 viele neue Angebote vorgenommen. Die gr\u00f6\u00dfte Neuerung betrifft den \u201eOffenen Treff\u201c im MGH. Bislang gab es dort nur dienstags und donnerstags ein kleines Men\u00fc zur Mittagszeit. Ab 5. Januar 2010 wird sich dies in mehrfacher Hinsicht \u00e4ndern, wie das MGH-Team mit seinem Leiter Markus Otto ank\u00fcndigt: Das Bistro \u201eJosefsgarten\u201c hat nun immer dienstags, mittwochs und donnerstags von 11.30 bis 14 Uhr ge\u00f6ffnet. Auch das Platzangebot wurde erweitert. <!--more--><\/p>\n<p>K\u00fcnftig gibt es an den drei Tagen \u2013 jeweils wechselnd &#8211; immer zwei leckere, abwechslungsreiche Gerichte auf der Speisekarte. Als besonderen Service des Bistros kann der Gast die Beilagen tauschen und so sein Men\u00fc selbst zusammenstellen. Weiterhin wird zum Men\u00fc ein Softgetr\u00e4nk gratis gereicht, sogar zum Nachf\u00fcllen.<br \/>\nFrische Kaffee- und Teespezialit\u00e4ten laden zum Genie\u00dfen und Verweilen ein. Serviert werden zum Beispiel Latte Macchiato, Cappuccino und Schokoladino aus dem Hause Darboven. <\/p>\n<p>Die neuen Men\u00fc-Angebote kosten 3,90 Euro oder 4,90 Euro inklusive Getr\u00e4nk. Damit bleibt das Bistro in Regie von Markus Heimbuch und Cornelia Kanne der Linie treu, eine gute und g\u00fcnstige Adresse f\u00fcr die Mittagspause zu sein. F\u00fcr die G\u00e4ste stehen direkt am Haus (Einfahrt Von-Schildeck-Stra\u00dfe) kostenlos Parkpl\u00e4tze zur Verf\u00fcgung. <\/p>\n<p>Vorbestellungen und Reservierungen f\u00fcr das Mittagessen nimmt das Bistro gerne entgegen. Alle Gerichte gibt es auch zum Mitnehmen. <\/p>\n","protected":false},"excerpt":{"rendered":"<div class=\"tmnf_excerpt\"><p>Fulda. Das Mehrgenerationenhaus (MGH) Fulda-Josefsgarten hat sich f\u00fcr 2010 viele neue Angebote vorgenommen. Die gr\u00f6\u00dfte Neuerung betrifft den \u201eOffenen Treff\u201c im MGH. Bislang gab es dort nur dienstags und donnerstags ein kleines Men\u00fc zur Mittagszeit. Ab 5. Januar 2010 wird sich dies in mehrfacher Hinsicht \u00e4ndern, wie das MGH-Team mit seinem Leiter Markus Otto ank\u00fcndigt: &hellip;<\/p>\n<\/div>","protected":false},"author":1,"featured_media":0,"comment_status":"closed","ping_status":"closed","sticky":false,"template":"","format":"standard","meta":{"footnotes":""},"categories":[1,37,78],"tags":[],"class_list":["post-48648","post","type-post","status-publish","format-standard","hentry","category-startseite","category-essen-und-trinken","category-topthema"],"_links":{"self":[{"href":"https:\/\/www.fuldaernachrichten.de\/index.php?rest_route=\/wp\/v2\/posts\/48648","targetHints":{"allow":["GET"]}}],"collection":[{"href":"https:\/\/www.fuldaernachrichten.de\/index.php?rest_route=\/wp\/v2\/posts"}],"about":[{"href":"https:\/\/www.fuldaernachrichten.de\/index.php?rest_route=\/wp\/v2\/types\/post"}],"author":[{"embeddable":true,"href":"https:\/\/www.fuldaernachrichten.de\/index.php?rest_route=\/wp\/v2\/users\/1"}],"replies":[{"embeddable":true,"href":"https:\/\/www.fuldaernachrichten.de\/index.php?rest_route=%2Fwp%2Fv2%2Fcomments&post=48648"}],"version-history":[{"count":8,"href":"https:\/\/www.fuldaernachrichten.de\/index.php?rest_route=\/wp\/v2\/posts\/48648\/revisions"}],"predecessor-version":[{"id":48662,"href":"https:\/\/www.fuldaernachrichten.de\/index.php?rest_route=\/wp\/v2\/posts\/48648\/revisions\/48662"}],"wp:attachment":[{"href":"https:\/\/www.fuldaernachrichten.de\/index.php?rest_route=%2Fwp%2Fv2%2Fmedia&parent=48648"}],"wp:term":[{"taxonomy":"category","embeddable":true,"href":"https:\/\/www.fuldaernachrichten.de\/index.php?rest_route=%2Fwp%2Fv2%2Fcategories&post=48648"},{"taxonomy":"post_tag","embeddable":true,"href":"https:\/\/www.fuldaernachrichten.de\/index.php?rest_route=%2Fwp%2Fv2%2Ftags&post=48648"}],"curies":[{"name":"wp","href":"https:\/\/api.w.org\/{rel}","templated":true}]}}