{"id":48641,"date":"2010-01-02T07:02:43","date_gmt":"2010-01-02T06:02:43","guid":{"rendered":"http:\/\/www.schoene-nachrichten.de\/?p=48641"},"modified":"2009-12-28T17:03:05","modified_gmt":"2009-12-28T16:03:05","slug":"jugendpfarrer-sebastian-bluemel-morgen-bei-bibel-aktuell","status":"publish","type":"post","link":"https:\/\/www.fuldaernachrichten.de\/?p=48641","title":{"rendered":"Jugendpfarrer Sebastian Bl\u00fcmel morgen bei \u201eBibel aktuell\u201c"},"content":{"rendered":"<p><strong>Fulda\/Kassel<\/strong> (bpf). Innerhalb der Sendung \u201eKreuz und Quer\u201c \u2013 dem dreist\u00fcndigen Kirchenmagazin bei Hit-Radio FFH \u2013 werden in der regionalisierten Reihe \u201eBibel aktuell\u201c am Sonntag, 3. Januar, zwischen 8 und 9 Uhr Pfarrer Stefan Kr\u00f6nung (Kassel) im Sendegebiet Nord und Jugendpfarrer Sebastian Bl\u00fcmel (Fulda) im Bereich Osthessen zu h\u00f6ren sein.<\/p>\n","protected":false},"excerpt":{"rendered":"<div class=\"tmnf_excerpt\"><p>Fulda\/Kassel (bpf). Innerhalb der Sendung \u201eKreuz und Quer\u201c \u2013 dem dreist\u00fcndigen Kirchenmagazin bei Hit-Radio FFH \u2013 werden in der regionalisierten Reihe \u201eBibel aktuell\u201c am Sonntag, 3. Januar, zwischen 8 und 9 Uhr Pfarrer Stefan Kr\u00f6nung (Kassel) im Sendegebiet Nord und Jugendpfarrer Sebastian Bl\u00fcmel (Fulda) im Bereich Osthessen zu h\u00f6ren sein.<\/p>\n<\/div>","protected":false},"author":1,"featured_media":0,"comment_status":"closed","ping_status":"closed","sticky":false,"template":"","format":"standard","meta":{"footnotes":""},"categories":[1,50],"tags":[],"class_list":["post-48641","post","type-post","status-publish","format-standard","hentry","category-startseite","category-kirche"],"_links":{"self":[{"href":"https:\/\/www.fuldaernachrichten.de\/index.php?rest_route=\/wp\/v2\/posts\/48641","targetHints":{"allow":["GET"]}}],"collection":[{"href":"https:\/\/www.fuldaernachrichten.de\/index.php?rest_route=\/wp\/v2\/posts"}],"about":[{"href":"https:\/\/www.fuldaernachrichten.de\/index.php?rest_route=\/wp\/v2\/types\/post"}],"author":[{"embeddable":true,"href":"https:\/\/www.fuldaernachrichten.de\/index.php?rest_route=\/wp\/v2\/users\/1"}],"replies":[{"embeddable":true,"href":"https:\/\/www.fuldaernachrichten.de\/index.php?rest_route=%2Fwp%2Fv2%2Fcomments&post=48641"}],"version-history":[{"count":2,"href":"https:\/\/www.fuldaernachrichten.de\/index.php?rest_route=\/wp\/v2\/posts\/48641\/revisions"}],"predecessor-version":[{"id":48643,"href":"https:\/\/www.fuldaernachrichten.de\/index.php?rest_route=\/wp\/v2\/posts\/48641\/revisions\/48643"}],"wp:attachment":[{"href":"https:\/\/www.fuldaernachrichten.de\/index.php?rest_route=%2Fwp%2Fv2%2Fmedia&parent=48641"}],"wp:term":[{"taxonomy":"category","embeddable":true,"href":"https:\/\/www.fuldaernachrichten.de\/index.php?rest_route=%2Fwp%2Fv2%2Fcategories&post=48641"},{"taxonomy":"post_tag","embeddable":true,"href":"https:\/\/www.fuldaernachrichten.de\/index.php?rest_route=%2Fwp%2Fv2%2Ftags&post=48641"}],"curies":[{"name":"wp","href":"https:\/\/api.w.org\/{rel}","templated":true}]}}