{"id":4846,"date":"2007-08-24T01:17:18","date_gmt":"2007-08-23T23:17:18","guid":{"rendered":"http:\/\/www.schoene-nachrichten.de\/?p=4846"},"modified":"2007-08-24T01:17:18","modified_gmt":"2007-08-23T23:17:18","slug":"genfrei-gehen-1200-kilometer-wandern-fuer-die-zukunft-der-gesunden-ernaehrung","status":"publish","type":"post","link":"https:\/\/www.fuldaernachrichten.de\/?p=4846","title":{"rendered":"\u201eGenfrei Gehen\u201c\u2013 1.200 Kilometer wandern f\u00fcr die Zukunft der gesunden Ern\u00e4hrung"},"content":{"rendered":"<p><strong><a rel=\"lightbox[roadtrip]\" href=\"http:\/\/www.schoene-nachrichten.de\/wp-content\/uploads\/2007\/08\/070823_genfrei-gehen_01.jpg\" title=\"070823_genfrei-gehen_01.jpg\"><\/a>Sch\u00f6nes aus Fulda.<\/strong> Joseph Wilhelm, Initiator von \u201eGenfrei Gehen\u201c, Bio-Pionier und Gr\u00fcnder der Rapunzel Naturkost AG feiert gemeinsam mit zahlreichen Unterst\u00fctzern das Bergfest des Marsches f\u00fcr eine gentechnikfreie Welt. Auch Wolfgang Gutberlet, Vorstandsvorsitzender tegut&#8230; gute Lebensmittel, gratuliert zum bisherigen Erfolg der Aktion.<\/p>\n<p><strong>Fotos (9):<\/strong> Max Colin Heydenreich<\/p>\n<p><a rel=\"lightbox[roadtrip]\" target=\"_blank\" href=\"http:\/\/www.schoene-nachrichten.de\/wp-content\/uploads\/2007\/08\/070824_Genfrei_02.jpg\" title=\"Foto: Max Colin Heydenreich\"><img decoding=\"async\" width=\"128\" src=\"http:\/\/www.schoene-nachrichten.de\/wp-content\/uploads\/2007\/08\/070824_Genfrei_02.thumbnail.jpg\" alt=\"070824_Genfrei_02.jpg\" \/><\/a>\u00c2\u00a0<a rel=\"lightbox[roadtrip]\" target=\"_blank\" href=\"http:\/\/www.schoene-nachrichten.de\/wp-content\/uploads\/2007\/08\/070824_Genfrei_01.jpg\" title=\"Foto: Max Colin Heydenreich\"><img decoding=\"async\" width=\"128\" src=\"http:\/\/www.schoene-nachrichten.de\/wp-content\/uploads\/2007\/08\/070824_Genfrei_01.thumbnail.jpg\" alt=\"070824_Genfrei_01.jpg\" \/><\/a> <a rel=\"lightbox[roadtrip]\" target=\"_blank\" href=\"http:\/\/www.schoene-nachrichten.de\/wp-content\/uploads\/2007\/08\/070824_Genfrei_05.jpg\" title=\"Foto: Max Colin Heydenreich\"><img decoding=\"async\" width=\"128\" src=\"http:\/\/www.schoene-nachrichten.de\/wp-content\/uploads\/2007\/08\/070824_Genfrei_05.thumbnail.jpg\" alt=\"070824_Genfrei_05.jpg\" \/><\/a><\/p>\n<p><!--more-->Der Begriff &#8220;Bergfest&#8221; beschreibt einen Termin, an dem die H\u00e4lfte einer festen Zeitspanne verstrichen ist. Seit 22 Tagen ist Joseph Wilhelm mit der Aktion \u201eGenfrei Gehen\u201c unterwegs und auf rund 600\u00c2\u00a0Kilometern haben ihn bisher an die 1.500 Menschen begleitet \u2013 auf seinem Marsch f\u00fcr eine gentechnikfreie Welt. Auch die Etappe von Kirchhasel\/H\u00fcnfeld nach Fulda zeichnete sich durch viele neue, soziale Kontakte und interessante Gespr\u00e4che aus. Rund 70 Wanderer erreichten die Domstadt Fulda am fr\u00fchen Abend \u2013 wieder einmal dabei Schlagerstar Antonia (aus Tirol). Zu einem spannenden Abend wurden die Gruppe und weitere G\u00e4ste von Georg Sedlmaier, Vorstandsvorsitzender der Interessensgemeinschaft f\u00fcr gesunde Lebensmittel (IG F\u00dcR), in der tegut&#8230; Lernstatt, empfangen.<\/p>\n<p><a rel=\"lightbox[roadtrip]\" target=\"_blank\" href=\"http:\/\/www.schoene-nachrichten.de\/wp-content\/uploads\/2007\/08\/070824_Genfrei_03.jpg\" title=\"Foto: Max Colin Heydenreich\"><img decoding=\"async\" width=\"128\" src=\"http:\/\/www.schoene-nachrichten.de\/wp-content\/uploads\/2007\/08\/070824_Genfrei_03.thumbnail.jpg\" alt=\"070824_Genfrei_03.jpg\" \/><\/a>\u00c2\u00a0<a rel=\"lightbox[roadtrip]\" target=\"_blank\" href=\"http:\/\/www.schoene-nachrichten.de\/wp-content\/uploads\/2007\/08\/070824_Genfrei_09.jpg\" title=\"Foto: Max Colin Heydenreich\"><img decoding=\"async\" width=\"128\" src=\"http:\/\/www.schoene-nachrichten.de\/wp-content\/uploads\/2007\/08\/070824_Genfrei_09.thumbnail.jpg\" alt=\"070824_Genfrei_09.jpg\" \/><\/a>\u00c2\u00a0<a rel=\"lightbox[roadtrip]\" target=\"_blank\" href=\"http:\/\/www.schoene-nachrichten.de\/wp-content\/uploads\/2007\/08\/070824_Genfrei_08.jpg\" title=\"Foto: Max Colin Heydenreich\"><img decoding=\"async\" width=\"128\" src=\"http:\/\/www.schoene-nachrichten.de\/wp-content\/uploads\/2007\/08\/070824_Genfrei_08.thumbnail.jpg\" alt=\"070824_Genfrei_08.jpg\" \/><\/a><\/p>\n<p>Was der Verbraucher nicht will, findet im Handel keinen Absatz. Was der Handel nicht absetzen kann, braucht der Lebensmittelhersteller bzw. -verarbeiter nicht produzieren. Dieses Credo vertreten nicht nur Joseph Wilhelm als Pionier der Naturkostbranche, sondern auch Teilnehmer der klassischen als auch \u00f6kologischen Lebensmittelbranche, wie Wolfgang Gutberlet, Vorstandsvorsitzender tegut&#8230; gute Lebensmittel. Beide betonten am Abend wie wichtig es sei, ein Bewusstsein beim Verbraucher f\u00fcr das Thema Gentechnik zu schaffen. Denn nur so kann der Verbraucher selbst f\u00fcr sich entscheiden, ob er Lebensmittel mit oder ohne Gentechnik verzehren m\u00f6chte.<\/p>\n<p><a rel=\"lightbox[roadtrip]\" target=\"_blank\" href=\"http:\/\/www.schoene-nachrichten.de\/wp-content\/uploads\/2007\/08\/070824_Genfrei_04.jpg\" title=\"Foto: Max Colin Heydenreich\"><img decoding=\"async\" width=\"128\" src=\"http:\/\/www.schoene-nachrichten.de\/wp-content\/uploads\/2007\/08\/070824_Genfrei_04.thumbnail.jpg\" alt=\"070824_Genfrei_04.jpg\" \/><\/a>\u00c2\u00a0<a rel=\"lightbox[roadtrip]\" target=\"_blank\" href=\"http:\/\/www.schoene-nachrichten.de\/wp-content\/uploads\/2007\/08\/070824_Genfrei_06.jpg\" title=\"Foto: Max Colin Heydenreich\"><img decoding=\"async\" width=\"128\" src=\"http:\/\/www.schoene-nachrichten.de\/wp-content\/uploads\/2007\/08\/070824_Genfrei_06.thumbnail.jpg\" alt=\"070824_Genfrei_06.jpg\" \/><\/a>\u00c2\u00a0<a rel=\"lightbox[roadtrip]\" target=\"_blank\" href=\"http:\/\/www.schoene-nachrichten.de\/wp-content\/uploads\/2007\/08\/070824_Genfrei_07.jpg\" title=\"Foto: Max Colin Heydenreich\"><img decoding=\"async\" width=\"128\" src=\"http:\/\/www.schoene-nachrichten.de\/wp-content\/uploads\/2007\/08\/070824_Genfrei_07.thumbnail.jpg\" alt=\"070824_Genfrei_07.jpg\" \/><\/a>\u00c2\u00a0<\/p>\n<p>Das Ziel der Aktion \u201eGenfrei Gehen\u201c ist es, ein Zeichen zu setzen und die Menschen wachzur\u00fctteln, sich mit ihrem eigenen Handeln auseinanderzusetzen. \u201eUnsere Vorfahren waren es, die oft verbunden mit leidvollen Erfahrungen herausgefunden haben, welche Speisen f\u00fcr unser Leib und Wohl sorgen \u2013 nicht die Medizin und nicht die Wissenschaft. Es ist wichtig, die Ern\u00e4hrung als Bestandteil unserer Kultur zu betrachten, und die hat gezeigt, dass sich bestimmte Pflanzen- und Tierarten erst nach einer Bew\u00e4hrungsprobe durchsetzen\u201c, f\u00fchrte Wolfgang Gutberlet weiter aus.<\/p>\n<p>Mit der Gentechnik werden Organismen freisetzt, die wir nicht mehr zur\u00fcckholen k\u00f6nnen. Und dieses Risiko sollten wir nur eingehen, wenn wir uns der positiven Auswirkungen sicher sind. \u201eDiese\u201c, so Dr. Peter Hamel, Arbeitsgruppe Zivilcourage Vogelsberg, \u201ehaben sich bisher jedoch als leere Versprechen der Agromultis erwiesen, so ist beispielsweise der Pflanzenschutzbedarf nicht gesunken, sondern um das vier- bis f\u00fcnffache gestiegen. Und durch die Patentierung von Saatgut und die damit verbundene Reduzierung der Artenvielfalt werden kontrollierte Abh\u00e4ngigkeiten geschaffen.\u201c<\/p>\n<p>Kurzum: Bei der Gentechnik geht es nicht um das Wohl der Menschheit, sondern um Geld, und die Politik ist nicht mutig genug gegen die Lobbyisten anzugehen. Tatsache ist, Joseph Wilhelm hat am 28. Juli den Anfang gemacht, um f\u00fcr eine gentechnikfreie Zukunft rund 1.200\u00c2\u00a0Kilometer durch Deutschland auf \u201eSchusters Rappen\u201c zu wandern. Bis zum Bergfest hat er es geschafft, eine Bewegung ausl\u00f6sen zu k\u00f6nnen. Nun geht es auf die\u00c2\u00a0zweite H\u00e4lfte \u2013 auf den Weg in seine Heimat \u2013 mit dem Wunsch, zur Abschlussveranstaltung in Lindau von rund 10.000 Menschen sprechen zu k\u00f6nnen, die \u201eGenfrei Gehen\u201c unterst\u00fctzt haben. \u201eDenn k\u00e4mpfen soll man nur, wenn man sicher ist, dass man gewinnt, sonst ist es Energieverschwendung\u201c, so Jospeh Wilhelm.<\/p>\n<p><strong>\u00dcber Joseph Wilhelm und die Idee \u201eGenfrei Gehen\u201c:<\/strong><br \/>\nDie Begeisterung f\u00fcr&#8217;s Laufen \u00fcber l\u00e4ngere Distanzen hat Joseph Wilhelm schon vor sieben Jahren gezeigt, als er sich auf den Jakobsweg begab. In diesem Sommer wollte er eigentlich \u201enur\u201c eine Auszeit nehmen, ganz kontemplativ durch Deutschland wandern und gelegentlich einen Vortrag \u00fcber Gentechnik halten. In Gespr\u00e4chen mit Freunden und Bekannten und in seiner t\u00e4glichen Arbeit bei Rapunzel Naturkost AG entwickelte sich eine Eigendynamik, die zeigte, wie wichtig es ist, aktiv ein Zeichen zu setzen f\u00fcr eine gentechnikfreie Zukunft. Und das nicht nur mit Anstand und Moral, sondern vor allem mit Freude und Spa\u00df. Die Aktion \u201eGenfrei Gehen\u201c soll den Menschen Mut machen, Eigenverantwortung zu \u00fcbernehmen und im Rahmen ihrer pers\u00f6nlichen M\u00f6glichkeiten aktiv zu werden.<\/p>\n","protected":false},"excerpt":{"rendered":"<div class=\"tmnf_excerpt\"><p>Sch\u00f6nes aus Fulda. Joseph Wilhelm, Initiator von \u201eGenfrei Gehen\u201c, Bio-Pionier und Gr\u00fcnder der Rapunzel Naturkost AG feiert gemeinsam mit zahlreichen Unterst\u00fctzern das Bergfest des Marsches f\u00fcr eine gentechnikfreie Welt. Auch Wolfgang Gutberlet, Vorstandsvorsitzender tegut&#8230; gute Lebensmittel, gratuliert zum bisherigen Erfolg der Aktion. Fotos (9): Max Colin Heydenreich \u00c2\u00a0<\/p>\n<\/div>","protected":false},"author":1,"featured_media":0,"comment_status":"closed","ping_status":"closed","sticky":false,"template":"","format":"standard","meta":{"footnotes":""},"categories":[1,37,46],"tags":[],"class_list":["post-4846","post","type-post","status-publish","format-standard","hentry","category-startseite","category-essen-und-trinken","category-sport"],"_links":{"self":[{"href":"https:\/\/www.fuldaernachrichten.de\/index.php?rest_route=\/wp\/v2\/posts\/4846","targetHints":{"allow":["GET"]}}],"collection":[{"href":"https:\/\/www.fuldaernachrichten.de\/index.php?rest_route=\/wp\/v2\/posts"}],"about":[{"href":"https:\/\/www.fuldaernachrichten.de\/index.php?rest_route=\/wp\/v2\/types\/post"}],"author":[{"embeddable":true,"href":"https:\/\/www.fuldaernachrichten.de\/index.php?rest_route=\/wp\/v2\/users\/1"}],"replies":[{"embeddable":true,"href":"https:\/\/www.fuldaernachrichten.de\/index.php?rest_route=%2Fwp%2Fv2%2Fcomments&post=4846"}],"version-history":[{"count":0,"href":"https:\/\/www.fuldaernachrichten.de\/index.php?rest_route=\/wp\/v2\/posts\/4846\/revisions"}],"wp:attachment":[{"href":"https:\/\/www.fuldaernachrichten.de\/index.php?rest_route=%2Fwp%2Fv2%2Fmedia&parent=4846"}],"wp:term":[{"taxonomy":"category","embeddable":true,"href":"https:\/\/www.fuldaernachrichten.de\/index.php?rest_route=%2Fwp%2Fv2%2Fcategories&post=4846"},{"taxonomy":"post_tag","embeddable":true,"href":"https:\/\/www.fuldaernachrichten.de\/index.php?rest_route=%2Fwp%2Fv2%2Ftags&post=4846"}],"curies":[{"name":"wp","href":"https:\/\/api.w.org\/{rel}","templated":true}]}}