{"id":4844,"date":"2007-08-24T01:24:16","date_gmt":"2007-08-23T23:24:16","guid":{"rendered":"http:\/\/www.schoene-nachrichten.de\/?p=4844"},"modified":"2007-08-24T01:27:30","modified_gmt":"2007-08-23T23:27:30","slug":"landrat-bernd-woide-besucht-firma-iselautomation-im-industriepark-rhoen","status":"publish","type":"post","link":"https:\/\/www.fuldaernachrichten.de\/?p=4844","title":{"rendered":"Woide besucht Firma iselautomation im Industriepark Rh\u00f6n"},"content":{"rendered":"<p><strong><a rel=\"lightbox[roadtrip]\" href=\"http:\/\/www.schoene-nachrichten.de\/wp-content\/uploads\/2007\/08\/070823_isel.jpg\" title=\"070823_isel.jpg\"><\/a>Sch\u00f6nes aus Eichenzell und Fulda.<\/strong> Auf seiner Tour durch heimische Betriebe hat Landrat Bernd Woide die Firma iselautomation in Eichenzell besucht. Die Firma wurde 1972 von Hugo Isert gegr\u00fcndet und hat ihren Sitz im Eichenzeller Industriegebiet. Das mittelst\u00e4ndische Unternehmen, das sich auf die Bereiche Elektronik, Mechanik, Software und Systeme spezialisiert hat, besch\u00e4ftigt an den Standorten Eichenzell und Dermbach (Th\u00fcringen) rund 200 Mitarbeiter. Weitere Mitarbeiter geh\u00f6ren zur Isel-Gruppe, die aus der Firma iselautomation hervorgegangen ist und international agiert.<\/p>\n<p><strong>Fotos (9):<\/strong> Max Colin Heydenreich<\/p>\n<p><a rel=\"lightbox[roadtrip]\" target=\"_blank\" href=\"http:\/\/www.schoene-nachrichten.de\/wp-content\/uploads\/2007\/08\/070824_Isel_06.jpg\" title=\"Foto: Max Colin Heydenreich\"><img decoding=\"async\" width=\"128\" src=\"http:\/\/www.schoene-nachrichten.de\/wp-content\/uploads\/2007\/08\/070824_Isel_06.thumbnail.jpg\" alt=\"070824_Isel_06.jpg\" \/><\/a>\u00c2\u00a0<a rel=\"lightbox[roadtrip]\" target=\"_blank\" href=\"http:\/\/www.schoene-nachrichten.de\/wp-content\/uploads\/2007\/08\/070824_Isel_03.jpg\" title=\"Foto: Max Colin Heydenreich\"><img decoding=\"async\" width=\"128\" src=\"http:\/\/www.schoene-nachrichten.de\/wp-content\/uploads\/2007\/08\/070824_Isel_03.thumbnail.jpg\" alt=\"070824_Isel_03.jpg\" \/><\/a> <a rel=\"lightbox[roadtrip]\" target=\"_blank\" href=\"http:\/\/www.schoene-nachrichten.de\/wp-content\/uploads\/2007\/08\/070824_Isel_08.jpg\" title=\"Foto: Max Colin Heydenreich\"><img decoding=\"async\" width=\"128\" src=\"http:\/\/www.schoene-nachrichten.de\/wp-content\/uploads\/2007\/08\/070824_Isel_08.thumbnail.jpg\" alt=\"070824_Isel_08.jpg\" \/><\/a><\/p>\n<p><!--more-->Einer F\u00fchrung durch die Werkshallen, in denen unter anderem Kleinger\u00e4te, CNC-Maschinen sowie Automatisierungsanlagen und -komponenten entwickelt und produziert werden, ging ein Gespr\u00e4ch mit Gesch\u00e4ftsf\u00fchrer Hugo Isert und dem technischen Leiter Holger Happ voraus. \u201eMir ist es wichtig, die Betriebe in unserem Landkreis kennen zu lernen, ein Gef\u00fchl f\u00fcr die spezifische Situation vor Ort zu bekommen und Anregungen mitzunehmen\u201c, erkl\u00e4rte Woide zur Intention seines Besuchs. Im Gespr\u00e4ch mit der Gesch\u00e4ftsleitung wurden vor allem die Themen \u201eAusbildung\u201c und \u201eBesch\u00e4ftigung\u201c sowie branchenspezifische Fragen diskutiert.<\/p>\n<p><a rel=\"lightbox[roadtrip]\" target=\"_blank\" href=\"http:\/\/www.schoene-nachrichten.de\/wp-content\/uploads\/2007\/08\/070824_Isel_01.jpg\" title=\"Foto: Max Colin Heydenreich\"><img decoding=\"async\" width=\"128\" src=\"http:\/\/www.schoene-nachrichten.de\/wp-content\/uploads\/2007\/08\/070824_Isel_01.thumbnail.jpg\" alt=\"070824_Isel_01.jpg\" \/><\/a> <a rel=\"lightbox[roadtrip]\" target=\"_blank\" href=\"http:\/\/www.schoene-nachrichten.de\/wp-content\/uploads\/2007\/08\/070824_Isel_02.jpg\" title=\"Foto: Max Colin Heydenreich\"><img decoding=\"async\" width=\"128\" src=\"http:\/\/www.schoene-nachrichten.de\/wp-content\/uploads\/2007\/08\/070824_Isel_02.thumbnail.jpg\" alt=\"070824_Isel_02.jpg\" \/><\/a> <a rel=\"lightbox[roadtrip]\" target=\"_blank\" href=\"http:\/\/www.schoene-nachrichten.de\/wp-content\/uploads\/2007\/08\/070824_Isel_05.jpg\" title=\"Foto: Max Colin Heydenreich\"><img decoding=\"async\" width=\"128\" src=\"http:\/\/www.schoene-nachrichten.de\/wp-content\/uploads\/2007\/08\/070824_Isel_05.thumbnail.jpg\" alt=\"070824_Isel_05.jpg\" \/><\/a><\/p>\n<p>Gesch\u00e4ftsf\u00fchrer Hugo Isert will sein Unternehmen in den kommenden Jahren st\u00e4rker global positionieren. \u201eNur so k\u00f6nnen wir auch in der Zukunft wettbewerbsf\u00e4hig bleiben\u201c, erkl\u00e4rte Isert. Um international mithalten zu k\u00f6nnen, setzt sein Unternehmen k\u00fcnftig verst\u00e4rkt auf die Ausbildung eigener Fachkr\u00e4fte. \u201eWir brauchen hoch qualifizierte Techniker mit Innovationsgeist. Deshalb wollen wir den Nachwuchs selbst ausbilden und sind nat\u00fcrlich bestrebt, das Know-How in unserer Firma zu halten\u201c, so Isert.<\/p>\n<p>Woide interessierte in diesem Zusammenhang die Zusammenarbeit von Berufsschule und Betrieb. Werksleiter Holger Happ sieht hier Verbesserungspotenzial bei der Vermittlung und Anwendung moderner Technologien. \u201eDie Berufsschulen sind zum Teil nicht auf dem technischen Stand der Betriebe\u201c, merkte Happ kritisch an. Deshalb w\u00fcrden die Lehrlinge mitunter an Maschinen ausgebildet, die in Betrieben bereits als veraltet gelten. Woide erkl\u00e4rte dazu: \u201eIch bin sehr dankbar f\u00fcr Hinweise und Verbesserungsvorschl\u00e4ge aus der Praxis. Wir bem\u00fchen uns darum, gemeinsam mit den Berufsschulen eine L\u00f6sung f\u00fcr diese Problematik zu finden.\u201c<\/p>\n<p><a rel=\"lightbox[roadtrip]\" target=\"_blank\" href=\"http:\/\/www.schoene-nachrichten.de\/wp-content\/uploads\/2007\/08\/070824_Isel_04.jpg\" title=\"Foto: Max Colin Heydenreich\"><img decoding=\"async\" width=\"128\" src=\"http:\/\/www.schoene-nachrichten.de\/wp-content\/uploads\/2007\/08\/070824_Isel_04.thumbnail.jpg\" alt=\"070824_Isel_04.jpg\" \/><\/a>\u00c2\u00a0<a rel=\"lightbox[roadtrip]\" target=\"_blank\" href=\"http:\/\/www.schoene-nachrichten.de\/wp-content\/uploads\/2007\/08\/070824_Isel_07.jpg\" title=\"Foto: Max Colin Heydenreich\"><img decoding=\"async\" width=\"128\" src=\"http:\/\/www.schoene-nachrichten.de\/wp-content\/uploads\/2007\/08\/070824_Isel_07.thumbnail.jpg\" alt=\"070824_Isel_07.jpg\" \/><\/a>\u00c2\u00a0<a rel=\"lightbox[roadtrip]\" target=\"_blank\" href=\"http:\/\/www.schoene-nachrichten.de\/wp-content\/uploads\/2007\/08\/070824_Isel_09.jpg\" title=\"Foto: Max Colin Heydenreich\"><img decoding=\"async\" width=\"128\" src=\"http:\/\/www.schoene-nachrichten.de\/wp-content\/uploads\/2007\/08\/070824_Isel_09.thumbnail.jpg\" alt=\"070824_Isel_09.jpg\" \/><\/a><\/p>\n<p>Neben dem Thema \u201eAusbildung\u201c ging es in dem Gespr\u00e4ch auch um den regionalen Arbeitsmarkt und die Besch\u00e4ftigung von Langzeitarbeitslosen, f\u00fcr deren Betreuung und Vermittlung im Landkreis Fulda das Amt f\u00fcr Arbeit und Soziales zust\u00e4ndig ist. \u201eDort sind derzeit 4.000 Langzeitarbeitslose registriert. Aktuell k\u00fcmmern sich 120 Mitarbeiter um Geldleistungen, Beratung, Qualifizierung und Vermittlung der Langzeitarbeitslosen\u201c, berichtete Woide. Oberstes Ziel sei, diese Menschen wieder in Arbeit zu bringen. \u201eDabei ist uns die Zusammenarbeit mit der heimischen Wirtschaft besonders wichtig\u201c, betonte der Landrat abschlie\u00dfend.<\/p>\n","protected":false},"excerpt":{"rendered":"<div class=\"tmnf_excerpt\"><p>Sch\u00f6nes aus Eichenzell und Fulda. Auf seiner Tour durch heimische Betriebe hat Landrat Bernd Woide die Firma iselautomation in Eichenzell besucht. Die Firma wurde 1972 von Hugo Isert gegr\u00fcndet und hat ihren Sitz im Eichenzeller Industriegebiet. Das mittelst\u00e4ndische Unternehmen, das sich auf die Bereiche Elektronik, Mechanik, Software und Systeme spezialisiert hat, besch\u00e4ftigt an den Standorten &hellip;<\/p>\n<\/div>","protected":false},"author":1,"featured_media":0,"comment_status":"closed","ping_status":"closed","sticky":false,"template":"","format":"standard","meta":{"footnotes":""},"categories":[1,53,29,48],"tags":[],"class_list":["post-4844","post","type-post","status-publish","format-standard","hentry","category-startseite","category-bildung","category-politik","category-forschung"],"_links":{"self":[{"href":"https:\/\/www.fuldaernachrichten.de\/index.php?rest_route=\/wp\/v2\/posts\/4844","targetHints":{"allow":["GET"]}}],"collection":[{"href":"https:\/\/www.fuldaernachrichten.de\/index.php?rest_route=\/wp\/v2\/posts"}],"about":[{"href":"https:\/\/www.fuldaernachrichten.de\/index.php?rest_route=\/wp\/v2\/types\/post"}],"author":[{"embeddable":true,"href":"https:\/\/www.fuldaernachrichten.de\/index.php?rest_route=\/wp\/v2\/users\/1"}],"replies":[{"embeddable":true,"href":"https:\/\/www.fuldaernachrichten.de\/index.php?rest_route=%2Fwp%2Fv2%2Fcomments&post=4844"}],"version-history":[{"count":0,"href":"https:\/\/www.fuldaernachrichten.de\/index.php?rest_route=\/wp\/v2\/posts\/4844\/revisions"}],"wp:attachment":[{"href":"https:\/\/www.fuldaernachrichten.de\/index.php?rest_route=%2Fwp%2Fv2%2Fmedia&parent=4844"}],"wp:term":[{"taxonomy":"category","embeddable":true,"href":"https:\/\/www.fuldaernachrichten.de\/index.php?rest_route=%2Fwp%2Fv2%2Fcategories&post=4844"},{"taxonomy":"post_tag","embeddable":true,"href":"https:\/\/www.fuldaernachrichten.de\/index.php?rest_route=%2Fwp%2Fv2%2Ftags&post=4844"}],"curies":[{"name":"wp","href":"https:\/\/api.w.org\/{rel}","templated":true}]}}