{"id":4838,"date":"2007-08-24T00:56:08","date_gmt":"2007-08-23T22:56:08","guid":{"rendered":"http:\/\/www.schoene-nachrichten.de\/?p=4838"},"modified":"2007-08-24T00:56:08","modified_gmt":"2007-08-23T22:56:08","slug":"sicherheit-durch-ruecksichtnahme-im-strassenverkehr","status":"publish","type":"post","link":"https:\/\/www.fuldaernachrichten.de\/?p=4838","title":{"rendered":"Sicherheit durch R\u00fccksichtnahme im Stra\u00dfenverkehr"},"content":{"rendered":"<p><strong>Sch\u00f6nes aus Fulda.<\/strong> Es ist wieder so weit: F\u00fcr unsere J\u00fcngsten beginnt die Zeit des Kindergartens und der Schule. Zwei Wochen lang werden daher verst\u00e4rkt vor Schulen und Kinderg\u00e4rten Geschwindigkeitskontrollen durchgef\u00fchrt, um so die Sicherheit f\u00fcr die Kinder, unsere j\u00fcngsten Verkehrsteilnehmer, noch weiter zu erh\u00f6hen. Darauf weist die Stadt Fulda in einer Pressemitteilung hin. <!--more--><\/p>\n<p>Im letzten Jahr hielten sich im Bereich der 50iger Zonen 90-95\u00c2\u00a0Prozent der Autofahrer an die vorgeschriebene Geschwindigkeitsbegrenzung. \u201eDas ist auch der Erfolg unserer langj\u00e4hrigen, kontinuierlichen Arbeit\u201c, so B\u00fcrgermeister Dr. Wolfgang Dippel. \u201eDas Geschwindigkeitsniveau im Bereich der Stadt Fulda ist durch fortlaufende Kontrollen niedriger geworden.\u201c Bereits seit mehreren Jahren f\u00fchre die Stadt Fulda Geschwindigkeitsmessungen durch. Werden in einzelnen Ortschaften dagegen Radaranlagen neu eingef\u00fchrt, seien die Zahlen der Geschwindigkeits\u00fcbertretungen\u00c2\u00a0deutlich h\u00f6her.<\/p>\n<p>Dies sei allerdings kein Signal f\u00fcr ihn, die Kontrollen einzustellen. \u201eWer Verkehrsregeln nicht einh\u00e4lt, der muss mit Bestrafung rechnen\u201c, macht Dippel deutlich. Allerdings betont er auch, wie wichtig gegenseitige R\u00fccksichtnahme im Stra\u00dfenverkehr f\u00fcr ihn ist, um so f\u00fcr alle Verkehrsteilnehmer die gr\u00f6\u00dftm\u00f6gliche Sicherheit zu gew\u00e4hrleisten.<\/p>\n","protected":false},"excerpt":{"rendered":"<div class=\"tmnf_excerpt\"><p>Sch\u00f6nes aus Fulda. Es ist wieder so weit: F\u00fcr unsere J\u00fcngsten beginnt die Zeit des Kindergartens und der Schule. Zwei Wochen lang werden daher verst\u00e4rkt vor Schulen und Kinderg\u00e4rten Geschwindigkeitskontrollen durchgef\u00fchrt, um so die Sicherheit f\u00fcr die Kinder, unsere j\u00fcngsten Verkehrsteilnehmer, noch weiter zu erh\u00f6hen. Darauf weist die Stadt Fulda in einer Pressemitteilung hin.<\/p>\n<\/div>","protected":false},"author":1,"featured_media":0,"comment_status":"closed","ping_status":"closed","sticky":false,"template":"","format":"standard","meta":{"footnotes":""},"categories":[1,35],"tags":[],"class_list":["post-4838","post","type-post","status-publish","format-standard","hentry","category-startseite","category-auto"],"_links":{"self":[{"href":"https:\/\/www.fuldaernachrichten.de\/index.php?rest_route=\/wp\/v2\/posts\/4838","targetHints":{"allow":["GET"]}}],"collection":[{"href":"https:\/\/www.fuldaernachrichten.de\/index.php?rest_route=\/wp\/v2\/posts"}],"about":[{"href":"https:\/\/www.fuldaernachrichten.de\/index.php?rest_route=\/wp\/v2\/types\/post"}],"author":[{"embeddable":true,"href":"https:\/\/www.fuldaernachrichten.de\/index.php?rest_route=\/wp\/v2\/users\/1"}],"replies":[{"embeddable":true,"href":"https:\/\/www.fuldaernachrichten.de\/index.php?rest_route=%2Fwp%2Fv2%2Fcomments&post=4838"}],"version-history":[{"count":0,"href":"https:\/\/www.fuldaernachrichten.de\/index.php?rest_route=\/wp\/v2\/posts\/4838\/revisions"}],"wp:attachment":[{"href":"https:\/\/www.fuldaernachrichten.de\/index.php?rest_route=%2Fwp%2Fv2%2Fmedia&parent=4838"}],"wp:term":[{"taxonomy":"category","embeddable":true,"href":"https:\/\/www.fuldaernachrichten.de\/index.php?rest_route=%2Fwp%2Fv2%2Fcategories&post=4838"},{"taxonomy":"post_tag","embeddable":true,"href":"https:\/\/www.fuldaernachrichten.de\/index.php?rest_route=%2Fwp%2Fv2%2Ftags&post=4838"}],"curies":[{"name":"wp","href":"https:\/\/api.w.org\/{rel}","templated":true}]}}