{"id":4826,"date":"2007-08-23T00:25:47","date_gmt":"2007-08-22T22:25:47","guid":{"rendered":"http:\/\/www.schoene-nachrichten.de\/?p=4826"},"modified":"2007-08-23T00:25:56","modified_gmt":"2007-08-22T22:25:56","slug":"von-chicago-nach-ziehers-nord-und-von-bordeaux-in-die-rhoen","status":"publish","type":"post","link":"https:\/\/www.fuldaernachrichten.de\/?p=4826","title":{"rendered":"Von Chicago nach Ziehers-Nord und von Bordeaux in die Rh\u00f6n"},"content":{"rendered":"<p><strong><a rel=\"lightbox[roadtrip]\" href=\"http:\/\/www.schoene-nachrichten.de\/wp-content\/uploads\/2007\/08\/070822_fh.jpg\" title=\"070822_fh.jpg\"><img decoding=\"async\" align=\"left\" src=\"http:\/\/www.schoene-nachrichten.de\/wp-content\/uploads\/2007\/08\/070822_fh.thumbnail.jpg\" hspace=\"5\" alt=\"070822_fh.jpg\" \/><\/a>Sch\u00f6nes aus Fulda.<\/strong> Rund Acht Wochen in Fulda und im Biosph\u00e4renreservat Rh\u00f6n gingen f\u00fcr die internationalen Teilnehmer des Sommerpraktikums-programms \u201eHessen Global\u201c am Dienstag mit einer Pr\u00e4sentation ihrer Projektergebnisse zu Ende. Die Studierenden aus den USA, Frankreich und Niederlande zeigten in ihren Pr\u00e4sentationen, was sie in den letzten Wochen im Themengebiet \u201eNachhaltige Entwicklung\u201c erfahren und f\u00fcr das Stadtplanungsamt der Stadt Fulda und f\u00fcr die Hessische Verwaltungsstelle des Biosph\u00e4renreservats Rh\u00f6n entwickelt hatten. <!--more--><\/p>\n<p>Christina Langsdorf (Referat f\u00fcr Wissenstransfer, Hochschule Fulda) und die wissenschaftlichen Leiterin des Programms \u201eHessen Global\u201c, Prof. Dr. Gisela Baumgratz-Gangl (Fachbereich Sozial- und Kulturwissenschaften der Hochschule Fulda) begr\u00fc\u00dften die G\u00e4ste, darunter Vertreter von Stadt und Landkreis Fulda, den Praxispartnern des Programms. \u201eInterkultureller Kompetenz, d.h. das Verst\u00e4ndnis f\u00fcr andere Kulturen und die F\u00e4higkeit zur internationalen Zusammenarbeit gewinnt im Zeitalter der Globalisierung an Bedeutung. Hessen Global zeigt einen Weg auf, wie diese wichtigen Schl\u00fcsselqualifikationen vermittelt werden k\u00f6nnen\u201c beschrieb Prof. Dr. Baumgratz den Anspruch des Pilotprogramms.<\/p>\n<p>Der Kreisbeigeordnete Dr. Heiko Wingenfeld betonte das Interesse des Landkreises an internationaler Kooperation, wie sie in den Praxisprojekten des Programms gelebt wird: \u201eEs ist f\u00fcr die Stadt- und Landkreisverwaltung wichtig, auch von au\u00dfen Impulse f\u00fcr die eigene Arbeit zu erhalten\u201c. Joachim Jenrich von der Hessischen Verwaltungsstelle des UNESCO Biosph\u00e4renreservats erg\u00e4nzte: \u201eInternationale Kooperation ist ein wichtiges Anliegen der UNESCO-Modellregionen, um Erfahrungen auszutauschen und gute Praxis weltweit zu verbreiten. Deshalb greifen wir die M\u00f6glichkeiten zum internationalen Austausch, wie sie Hessen Global bietet, gerne auf.&#8221;<\/p>\n<p>Wenn die beiden Stipendiaten der hessisch-aquitanischen Regionalpartnerschaft ihre Projektergebnisse im Aquitaine vorstellen, werden sich hieraus zudem weitere Ankn\u00fcpfungspunkte f\u00fcr die deutsch-franz\u00f6sische Regionalkooperation ergeben. Zum Beispiel gebe es sicherlich Interesse von Seiten des regionalen Naturparks \u201eLandes de Gascogne\u201c und der Agentur f\u00fcr Umwelt und Energiemanagement in Aquitaine an den Ergebnissen des Projekts zur nachhaltigen Nutzung der Bioenergie in Zusammenarbeit mit der hessischen Verwaltungsstelle des UNESCO Biosph\u00e4renreservats Rh\u00f6n.<\/p>\n<p>Bevor Mediendozent Arnold Schenk mit einem kleinen Film Impressionen aus dem Praktikumsprogramm zeigte, stellte Mitinitiator Thomas Berger, Gesch\u00e4ftsf\u00fchrer des Instituts inter.research e.V., das Anliegen von \u201eHessen Global\u201c vor: \u201eMit dem Programm m\u00f6chten wir es den Studierenden und Praxispartnern erm\u00f6glichen, hochwertige Praxisphasen zu verwirklichen und internationale Perspektiven sowie theoretische Grundlagen auf regionale Fragestellungen praktisch anzuwenden.\u201c<\/p>\n<p>Bethany Lerch (USA), Jaques de Richemont (Frankreich), Nicholas Kasang (USA) erstellten eine Analyse des st\u00e4dtischen Lebensraums in Fulda am Beispiel des Stadtteils Ziehers-Nord. Dabei wurde auch die Sicht der Bewohner auf ihren Stadtteil und insbesondere auf Frei- und Gr\u00fcnfl\u00e4chen untersucht und ein Entwicklungsszenario entwickelt. Das Praxisprojekt diente damit auch der Vorbereitung der demn\u00e4chst anstehenden Untersuchungen zur Kinder- und Familienfreundlichkeit im Rahmen des Spielplatzkompasses durch die Stadt Fulda.<\/p>\n<p>Leah Ihlenfeld (USA), Ruben Brou\u00e9rius van Nidek (Niederlande) und Francois Barbe (Frankreich) pr\u00e4sentierten ihre Studie zum Energiepflanzenanbau und zur Nutzung von Biogas im Biosph\u00e4renreservat Rh\u00f6n. Darin untersuchten die Studierenden mit welchen Pflanzen und welchen Betriebsgr\u00f6\u00dfen der Energiepflanzenanbau \u00f6konomisch in der Region sinnvoll ist und welche \u00f6kologischen Folgen mit der Biogasnutzung verbunden sind. Es wurden Modelle und Szenarien erarbeitet, die den Dreiklang aus \u00f6kologischer, sozialer und wirtschaftlicher Nachhaltigkeit ber\u00fccksichtigen.<\/p>\n<p>Im Anschluss \u00fcbergaben Prof. Dr. Gisela Baumgratz-Gangl und Christina Langsdorf die Zertifikate an die Teilnehmer und begl\u00fcckw\u00fcnschten Sie zu ihrem Engagement und ihren Leistungen im Programm. Der Dank der Initiatoren f\u00fcr die Unterst\u00fctzung im Programm geht an alle Personen ob im Biosph\u00e4renreservat, in der Landkreisverwaltung, in der Stadtverwaltung und an die B\u00fcrger des Stadtteils Ziehes-Nord, die an den Praxisprojekten mitwirkten.<\/p>\n<p>Dar\u00fcber hinaus gilt der Dank den Dozenten aus Fulda, Marburg, Gie\u00dfen und Bordeaux und nicht zuletzt den F\u00f6rderern und Sponsoren des Programms, dem Hessischen Ministerium f\u00fcr Wissenschaft und Kunst, dem Deutschen Akademischen Austauschdienst, dem Regionalrat von Aquitaine (Hessens Partnerregion in Frankreich) und an F\u00f6rstina-Sprudel.<\/p>\n<p>Einen gro\u00dfen Applaus erhielt ebenso die Programmkoordinatorin Frau Katja Mruk von der Hessen Networks! Koordinierungsstelle f\u00fcr ihren gro\u00dfen Einsatz f\u00fcr die Studierenden und ihren Umgang mit den Herausforderungen des Programmalltags.<\/p>\n<p>F\u00fcr die meisten Teilnehmer war es der letzte Abend in Fulda, sodass sich neben der Freude \u00fcber die erfolgreiche Absolvierung des Programms auch etwas Wehmut schlich. Das Videotagebuch des Programms, in dem die Teilnehmer w\u00f6chentlich \u00fcber Ihre Erfahrungen\u00c2\u00a0 berichteten, l\u00e4sst das Programm jedoch noch einmal lebendig werden <a href=\"http:\/\/www.hessen-global.de\/video\">http:\/\/www.hessen-global.de\/video<\/a>.<\/p>\n","protected":false},"excerpt":{"rendered":"<div class=\"tmnf_excerpt\"><p>Sch\u00f6nes aus Fulda. Rund Acht Wochen in Fulda und im Biosph\u00e4renreservat Rh\u00f6n gingen f\u00fcr die internationalen Teilnehmer des Sommerpraktikums-programms \u201eHessen Global\u201c am Dienstag mit einer Pr\u00e4sentation ihrer Projektergebnisse zu Ende. Die Studierenden aus den USA, Frankreich und Niederlande zeigten in ihren Pr\u00e4sentationen, was sie in den letzten Wochen im Themengebiet \u201eNachhaltige Entwicklung\u201c erfahren und f\u00fcr &hellip;<\/p>\n<\/div>","protected":false},"author":1,"featured_media":0,"comment_status":"closed","ping_status":"closed","sticky":false,"template":"","format":"standard","meta":{"footnotes":""},"categories":[1,53,29,52,48],"tags":[],"class_list":["post-4826","post","type-post","status-publish","format-standard","hentry","category-startseite","category-bildung","category-politik","category-umwelt","category-forschung"],"_links":{"self":[{"href":"https:\/\/www.fuldaernachrichten.de\/index.php?rest_route=\/wp\/v2\/posts\/4826","targetHints":{"allow":["GET"]}}],"collection":[{"href":"https:\/\/www.fuldaernachrichten.de\/index.php?rest_route=\/wp\/v2\/posts"}],"about":[{"href":"https:\/\/www.fuldaernachrichten.de\/index.php?rest_route=\/wp\/v2\/types\/post"}],"author":[{"embeddable":true,"href":"https:\/\/www.fuldaernachrichten.de\/index.php?rest_route=\/wp\/v2\/users\/1"}],"replies":[{"embeddable":true,"href":"https:\/\/www.fuldaernachrichten.de\/index.php?rest_route=%2Fwp%2Fv2%2Fcomments&post=4826"}],"version-history":[{"count":0,"href":"https:\/\/www.fuldaernachrichten.de\/index.php?rest_route=\/wp\/v2\/posts\/4826\/revisions"}],"wp:attachment":[{"href":"https:\/\/www.fuldaernachrichten.de\/index.php?rest_route=%2Fwp%2Fv2%2Fmedia&parent=4826"}],"wp:term":[{"taxonomy":"category","embeddable":true,"href":"https:\/\/www.fuldaernachrichten.de\/index.php?rest_route=%2Fwp%2Fv2%2Fcategories&post=4826"},{"taxonomy":"post_tag","embeddable":true,"href":"https:\/\/www.fuldaernachrichten.de\/index.php?rest_route=%2Fwp%2Fv2%2Ftags&post=4826"}],"curies":[{"name":"wp","href":"https:\/\/api.w.org\/{rel}","templated":true}]}}