{"id":4823,"date":"2007-08-23T00:50:12","date_gmt":"2007-08-22T22:50:12","guid":{"rendered":"http:\/\/www.schoene-nachrichten.de\/?p=4823"},"modified":"2007-08-23T00:51:23","modified_gmt":"2007-08-22T22:51:23","slug":"ihk-vollversammlung-tagte-auf-der-wasserkuppe","status":"publish","type":"post","link":"https:\/\/www.fuldaernachrichten.de\/?p=4823","title":{"rendered":"IHK-Vollversammlung tagte auf der Wasserkuppe"},"content":{"rendered":"<p><strong>Sch\u00f6nes von der Wasserkuppe.<\/strong> Auf Einladung von Landrat Bernd Woide traf sich die Vollversammlung der IHK Fulda zu ihrer turnusm\u00e4\u00dfigen Sitzung erstmals auf der Wasserkuppe. Der Landrat sah in dem gew\u00e4hlten Tagungsort eine \u201esymbolische Aufforderung, den Regionalgedanken noch st\u00e4rker in die Arbeit des Parlaments der Wirtschaft hineinzutragen\u201c. <!--more--><\/p>\n<p>Gemeinsam mit dem Leiter der hessischen Verwaltungsstelle des Biosph\u00e4renreservats Rh\u00f6ns, Otto Evers, nutzte Woide die Gelegenheit, vor den Vertretern der Wirtschaft seine Vorstellungen von der Weiterentwicklung des Biosph\u00e4renreservats und der Wasserkuppe zu erl\u00e4utern.<\/p>\n<p>Die administrative Umsetzung der Ziele des Biosph\u00e4renreservat ist nach der festen \u00dcberzeugung von Landrat Woide eine klassische Querschnittsaufgabe und von daher auf der unteren Verwaltungsebene gut angesiedelt. \u201eDie Kreisverwaltung verf\u00fcgt in besonderer Weise \u00fcber das notwendige Querschnitts-Knowhow.\u201c Otto Evers unterstrich, dass nach der Neuregelung der Zust\u00e4ndigkeiten und der damit verbundenen Eingliederung der Verwaltungsstelle in die Kreisverwaltung das Biosph\u00e4renreservat seinen zentralen Stellenwert behalten werde. \u201eWir sind es wert, Biosph\u00e4renreservat zu sein und wollen es auch in Zukunft bleiben.\u201c<\/p>\n<p>Landrat Woide und Verwaltungsstellenleiter Evers warnten vor einer zu einseitigen Sichtweise von Biosph\u00e4renreservat. Beim Biosph\u00e4renreservat handele es sich nicht um ein klassisches Naturschutzprojekt. Vielmehr gehe es darum, modellhaft aufzuzeigen, wie Menschen in einer gewachsenen Kulturlandschaft verantwortungsbewusst mit der ihnen anvertrauten Umwelt umgehen k\u00f6nnten. Hierzu geh\u00f6re als wichtiger Teilbereich Nachhaltigkeit in der Wirtschaft. Woide rief die Mitglieder der IHK-Vollversammlung dazu auf, sich aus ihrem Blickwinkel an der Diskussion um die Weiterentwicklung des Biosph\u00e4renreservats zu beteiligen.<\/p>\n<p>Dem Landkreis Fulda geht es nach Aussage von Landrat Woide bei seinen Aktivit\u00e4ten auch darum, neue Wertsch\u00f6pfungspotentiale in der Region zu schaffen. Dies gelte insbesondere f\u00fcr die verst\u00e4rkte Nutzung regenerativer Energien. Dabei bekannte er sich als ausdr\u00fccklicher Gegner von Windkraftanlagen, die das Landschaftsbild in der Rh\u00f6n zerst\u00f6rten und volkswirtschaftlich wenig effizient seien.<\/p>\n<p>Woide sprach sich weiterhin f\u00fcr eine bessere Verkehrsverbindung zwischen den Wirtschaftsr\u00e4umen Osthessen und S\u00fcdth\u00fcringen aus und stellte fest, dass es bei der Vermarktung von regionalen Produkten wie dem Biosph\u00e4renrind sowohl unter quantitativen als auch qualitativen Gesichtspunkten noch Nachholbedarf gebe.<\/p>\n<p>Otto Evers wertete er als Best\u00e4tigung f\u00fcr die von der Verwaltungsstelle geleistete Arbeit, dass die Rh\u00f6n bei der \u00dcberpr\u00fcfung der Pr\u00e4dikatisierung unter der bundesdeutschen Biosph\u00e4renreservaten mit am besten abgeschnitten habe. Die noch offenen Punkte w\u00fcrden z\u00fcgig abgearbeitet. In dem Bestreben, Partnerbetriebe in der Region zu finden und bei ihnen f\u00fcr den Gedanken einer nachhaltigen Wirtschaftsweise zu werben, sei das Biosph\u00e4renreservat ein gro\u00dfes St\u00fcck vorangekommen. Besonders f\u00fchle man sich der Umweltbildung verpflichtet und wolle sich deshalb verst\u00e4rkt um Patenschaften mit Schulen und Kinderg\u00e4rten bem\u00fchen.<\/p>\n<p>Im Hinblick auf die k\u00fcnftige Entwicklung der Wasserkuppe k\u00fcndigte Landrat Woide an, dass er gemeinsam mit dem hessischen Staatsminister f\u00fcr Wirtschaft, Verkehr und Landesentwicklung, Dr. Alois Rhiel, einen \u201eMasterplan\u201c vorlegen wolle, der nicht nur einzelne Aspekte wie Tourismus, Besucherlenkung und Gastronomie aufgreifen werde, sondern eine Gesamtschau versuchen solle.<\/p>\n<p>\u201eWir m\u00fcssen von einer reinen Objektdiskussion beispielsweise um das Radom wegkommen und konzeptionell weiterdenken.\u201c Die Wasserkuppe sei das \u201eEntr\u00e9e f\u00fcr die ganze Region\u201c und als h\u00f6chster Berg Hessens auf Landesebene zu wenig akzentuiert.<\/p>\n","protected":false},"excerpt":{"rendered":"<div class=\"tmnf_excerpt\"><p>Sch\u00f6nes von der Wasserkuppe. Auf Einladung von Landrat Bernd Woide traf sich die Vollversammlung der IHK Fulda zu ihrer turnusm\u00e4\u00dfigen Sitzung erstmals auf der Wasserkuppe. Der Landrat sah in dem gew\u00e4hlten Tagungsort eine \u201esymbolische Aufforderung, den Regionalgedanken noch st\u00e4rker in die Arbeit des Parlaments der Wirtschaft hineinzutragen\u201c.<\/p>\n<\/div>","protected":false},"author":1,"featured_media":0,"comment_status":"closed","ping_status":"closed","sticky":false,"template":"","format":"standard","meta":{"footnotes":""},"categories":[1,29,52],"tags":[],"class_list":["post-4823","post","type-post","status-publish","format-standard","hentry","category-startseite","category-politik","category-umwelt"],"_links":{"self":[{"href":"https:\/\/www.fuldaernachrichten.de\/index.php?rest_route=\/wp\/v2\/posts\/4823","targetHints":{"allow":["GET"]}}],"collection":[{"href":"https:\/\/www.fuldaernachrichten.de\/index.php?rest_route=\/wp\/v2\/posts"}],"about":[{"href":"https:\/\/www.fuldaernachrichten.de\/index.php?rest_route=\/wp\/v2\/types\/post"}],"author":[{"embeddable":true,"href":"https:\/\/www.fuldaernachrichten.de\/index.php?rest_route=\/wp\/v2\/users\/1"}],"replies":[{"embeddable":true,"href":"https:\/\/www.fuldaernachrichten.de\/index.php?rest_route=%2Fwp%2Fv2%2Fcomments&post=4823"}],"version-history":[{"count":0,"href":"https:\/\/www.fuldaernachrichten.de\/index.php?rest_route=\/wp\/v2\/posts\/4823\/revisions"}],"wp:attachment":[{"href":"https:\/\/www.fuldaernachrichten.de\/index.php?rest_route=%2Fwp%2Fv2%2Fmedia&parent=4823"}],"wp:term":[{"taxonomy":"category","embeddable":true,"href":"https:\/\/www.fuldaernachrichten.de\/index.php?rest_route=%2Fwp%2Fv2%2Fcategories&post=4823"},{"taxonomy":"post_tag","embeddable":true,"href":"https:\/\/www.fuldaernachrichten.de\/index.php?rest_route=%2Fwp%2Fv2%2Ftags&post=4823"}],"curies":[{"name":"wp","href":"https:\/\/api.w.org\/{rel}","templated":true}]}}