{"id":48148,"date":"2009-12-18T10:24:31","date_gmt":"2009-12-18T09:24:31","guid":{"rendered":"http:\/\/www.schoene-nachrichten.de\/?p=48148"},"modified":"2009-12-18T10:25:00","modified_gmt":"2009-12-18T09:25:00","slug":"neue-cd-der-choere-am-fuldaer-dom-2","status":"publish","type":"post","link":"https:\/\/www.fuldaernachrichten.de\/?p=48148","title":{"rendered":"Neue CD der Ch\u00f6re am Fuldaer Dom"},"content":{"rendered":"<p><strong><a href=\"http:\/\/www.schoene-nachrichten.de\/wp-content\/uploads\/2009\/12\/091218_Cover1.jpg\"><img fetchpriority=\"high\" decoding=\"async\" class=\"alignleft size-thumbnail wp-image-48151\" title=\"091218_Cover\" src=\"http:\/\/www.schoene-nachrichten.de\/wp-content\/uploads\/2009\/12\/091218_Cover1-265x262.jpg\" border=\"1\" alt=\"091218_Cover\" width=\"265\" height=\"262\" srcset=\"https:\/\/www.fuldaernachrichten.de\/wp-content\/uploads\/2009\/12\/091218_Cover1-265x262.jpg 265w, https:\/\/www.fuldaernachrichten.de\/wp-content\/uploads\/2009\/12\/091218_Cover1-1023x1015.jpg 1023w, https:\/\/www.fuldaernachrichten.de\/wp-content\/uploads\/2009\/12\/091218_Cover1.jpg 1429w\" sizes=\"(max-width: 265px) 100vw, 265px\" \/><\/a>Fulda.<\/strong> Die Ch\u00f6re am Fuldaer Dom haben unter dem Titel \u201eDe Profundis, Psalm 130\u201c eine neue CD mit Musik der franz\u00f6sischen Sp\u00e4tromantik von J.-G. Ropartz, L. Boulanger und M. Dupr\u00e9 auf den Markt gebracht. Die CD entstand zusammen mit dem G\u00f6ttinger Symphonieorchester im November als Live-Aufnahme im Fuldaer Dom unter der Gesamtleitung von Domkapellmeister Franz-Peter Huber. Inhalt der Psalmvertonung dieser Komponisten ist dieses Motiv: Aus der Tiefe seiner Not, in der er sich dem Tode ausgeliefert f\u00fchlt, ruft der Psalmbeter zu Gott. Der Preis betr\u00e4gt 14,90 Euro. Die CD ist ab 22. Dezember im Sekretariat der Ch\u00f6re am Fuldaer Dom (Tel. 87-390, E-Mail: choere-am-dom@bistum-fulda.de, Homepage: <a href=\"http:\/\/www.domchor-fulda.de\" target=\"_blank\">www.domchor-fulda.de<\/a>) erh\u00e4ltlich. In Zusammenarbeit mit dem Domradio K\u00f6ln haben die Ch\u00f6re auch eine Hotline geschaltet, \u00fcber die H\u00f6rproben abgerufen werden k\u00f6nnen: <strong>0221\/46899-888 (Ortstarif)<\/strong>. Pro CD, die \u00fcber diese Hotline verkauft wird, geht 1 Euro einer sozialen Einrichtung zu.<\/p>\n","protected":false},"excerpt":{"rendered":"<div class=\"tmnf_excerpt\"><p>Fulda. Die Ch\u00f6re am Fuldaer Dom haben unter dem Titel \u201eDe Profundis, Psalm 130\u201c eine neue CD mit Musik der franz\u00f6sischen Sp\u00e4tromantik von J.-G. Ropartz, L. Boulanger und M. Dupr\u00e9 auf den Markt gebracht. Die CD entstand zusammen mit dem G\u00f6ttinger Symphonieorchester im November als Live-Aufnahme im Fuldaer Dom unter der Gesamtleitung von Domkapellmeister Franz-Peter &hellip;<\/p>\n<\/div>","protected":false},"author":1,"featured_media":0,"comment_status":"closed","ping_status":"closed","sticky":false,"template":"","format":"standard","meta":{"footnotes":""},"categories":[1,79,50,44],"tags":[],"class_list":["post-48148","post","type-post","status-publish","format-standard","hentry","category-startseite","category-kino","category-kirche","category-kultur"],"_links":{"self":[{"href":"https:\/\/www.fuldaernachrichten.de\/index.php?rest_route=\/wp\/v2\/posts\/48148","targetHints":{"allow":["GET"]}}],"collection":[{"href":"https:\/\/www.fuldaernachrichten.de\/index.php?rest_route=\/wp\/v2\/posts"}],"about":[{"href":"https:\/\/www.fuldaernachrichten.de\/index.php?rest_route=\/wp\/v2\/types\/post"}],"author":[{"embeddable":true,"href":"https:\/\/www.fuldaernachrichten.de\/index.php?rest_route=\/wp\/v2\/users\/1"}],"replies":[{"embeddable":true,"href":"https:\/\/www.fuldaernachrichten.de\/index.php?rest_route=%2Fwp%2Fv2%2Fcomments&post=48148"}],"version-history":[{"count":3,"href":"https:\/\/www.fuldaernachrichten.de\/index.php?rest_route=\/wp\/v2\/posts\/48148\/revisions"}],"predecessor-version":[{"id":48155,"href":"https:\/\/www.fuldaernachrichten.de\/index.php?rest_route=\/wp\/v2\/posts\/48148\/revisions\/48155"}],"wp:attachment":[{"href":"https:\/\/www.fuldaernachrichten.de\/index.php?rest_route=%2Fwp%2Fv2%2Fmedia&parent=48148"}],"wp:term":[{"taxonomy":"category","embeddable":true,"href":"https:\/\/www.fuldaernachrichten.de\/index.php?rest_route=%2Fwp%2Fv2%2Fcategories&post=48148"},{"taxonomy":"post_tag","embeddable":true,"href":"https:\/\/www.fuldaernachrichten.de\/index.php?rest_route=%2Fwp%2Fv2%2Ftags&post=48148"}],"curies":[{"name":"wp","href":"https:\/\/api.w.org\/{rel}","templated":true}]}}