{"id":4806,"date":"2007-08-22T01:20:44","date_gmt":"2007-08-21T23:20:44","guid":{"rendered":"http:\/\/www.schoene-nachrichten.de\/?p=4806"},"modified":"2007-08-22T01:21:55","modified_gmt":"2007-08-21T23:21:55","slug":"neue-museumsinsel-laedt-zum-tag-der-offenen-tuer","status":"publish","type":"post","link":"https:\/\/www.fuldaernachrichten.de\/?p=4806","title":{"rendered":"Neue \u201eMuseumsinsel\u201c l\u00e4dt zum Tag der offenen T\u00fcr"},"content":{"rendered":"<p><strong>Sch\u00f6nes aus H\u00fcnfeld.<\/strong> Die neu gestaltete Museumsinsel in H\u00fcnfeld ist weitgehend fertig gestellt. Am kommenden Sonntag l\u00e4dt das Konrad-Zuse-Museum mit Stadt- und Kreisgeschichte im Rahmen des diesj\u00e4hrigen H\u00fcnfelder Gaalbernfestes von 11 bis 15.30 Uhr seine Tore. <!--more--><\/p>\n<p>Am Samstag wird die neu gestaltete Museumsinsel offiziell mit geladenen G\u00e4sten ihrer Bestimmung \u00fcbergeben. Erwartet werden dazu Staatsminister Stefan Gr\u00fcttner, Chef der Hessischen Staatskanzlei, und Prof. Dr. Horst Zuse von der Konrad-Zuse-Gesellschaft, sowie B\u00fcrgermeister Dr. Eberhard Fennel und Landrat Bernd Woide.<\/p>\n<p>Den G\u00e4sten werden kostenlose F\u00fchrungen durch die neu gestalteten R\u00e4umlichkeiten sowie Kaffee und Kuchen angeboten. Durch die Erweiterung des Museums um zwei weitere Geb\u00e4ude ist eine \u201eMuseumsinsel\u201c entstanden. Damit wurden die Voraussetzungen geschaffen, um das Konrad-Zuse-Museum erheblich zu erweitern.<\/p>\n<p>Besucher k\u00f6nnen die herausrage Erfinderpers\u00f6nlichkeit, die den gr\u00f6\u00dften Teil ihres Lebens von 1957 bis 1995 in H\u00fcnfeld verbracht hat, dort nicht nur als Pionier der Computergeschichte erleben, sondern auch als K\u00fcnstler und Wissenschaftler. Zu den herausragenden Exponaten des Museums geh\u00f6ren viele Original-Zuse-Gem\u00e4lde, aber auch Grafiken und Holzschnitte, die das umfangreiche k\u00fcnstlerische Wirken Zuses darstellen.<\/p>\n<p>Herausragend ist auch der einzig funktionierende Nachbau der ersten frei programmierbaren Rechenmaschine der Welt, Zuses Z 3, die der Erfinder 1941 der \u00d6ffentlichkeit vorgestellt hatte. Die Zuse KG hatte 1961 f\u00fcr das Deutsche Museum in M\u00fcnchen einen ersten Nachbau der Maschine hergestellt. Das Original war w\u00e4hrend der Kriegswirren in Berlin zerst\u00f6rt worden. Dieser Nachbau in M\u00fcnchen ist allerdings nicht mehr funktionsf\u00e4hig.<\/p>\n<p>Der \u00e4lteste Sohn von Professor Konrad Zuse, Professor Dr. Horst Zuse, hatte gemeinsam mit dem s\u00fcdamerikanischen Wissenschaftler Dr. Raul Roja die Maschine rekonstruiert, die bis heute Rechenoperationen und Speichervorg\u00e4nge ausf\u00fchren kann und Besuchern vorgef\u00fchrt wird. Weiter enth\u00e4lt die Sammlung wichtige Zuse-Computer wie die Z 11, die Z 22 und Z 23, die Z 25 und die Z 64, mit der die CAD-Technologie grundgelegt wurde.<\/p>\n<p>Zuse ist daneben auch Sch\u00f6pfer der ersten universellen Programmiersprache der Welt, des \u201ePlankalk\u00fcls\u201c. In den neuen erweiterten R\u00e4umen hat auch die Abteilung Vor- und Fr\u00fchgeschichte einen erheblich erweiterten Raum gefunden. Dort wird nicht nur die Nachbildung des reichen M\u00e4dchens von Molzbach, ein 3.500 Jahre alter keltische Grabfund, ausgestellt, erstmals sind auch Originalexponate zu sehen, die bei der Grabungskampagne am Keltenhof bei Mackenzell gefunden wurden.<\/p>\n<p>Dazu geh\u00f6ren unter anderem Keramiken, die unter Verwendung von original Scherben rekonstruiert wurden und die Nachbildung eines Brennofens. Neu im Museum sind auch die Pr\u00e4sentationen der Geschichte der Paten- und Partnerschaften H\u00fcnfelds sowie der ehemaligen franz\u00f6sischen Kriegsgefangenen des Lagers H\u00fcnfeld.<\/p>\n<p>Eine eigene Abteilung widmet sich der j\u00fcdischen Kultur im H\u00fcnfelder Land und deren Vernichtung durch die Nationalsozialisten. Weitere Abteilungen besch\u00e4ftigen sich mit Jagd- und Naturkunde in der Region, mit dem gro\u00dfen Brand von 1888, der das Stadtbild v\u00f6llig ver\u00e4nderte sowie dem Gefecht am Quecksmoor von 1866 im Deutschen Bruderkrieg, das bei Kirchhasel stattfand.<\/p>\n<p>Eine Sonderausstellung ist zur Er\u00f6ffnung dem Marburger Maler Otto Ubbelohde. Professor Dr. Peter Weber hat ihr den Titel \u201eTransformationen: Begegnungen mit dem Marburger Maler Otto Ubbelohde\u201c gegeben.<\/p>\n","protected":false},"excerpt":{"rendered":"<div class=\"tmnf_excerpt\"><p>Sch\u00f6nes aus H\u00fcnfeld. Die neu gestaltete Museumsinsel in H\u00fcnfeld ist weitgehend fertig gestellt. Am kommenden Sonntag l\u00e4dt das Konrad-Zuse-Museum mit Stadt- und Kreisgeschichte im Rahmen des diesj\u00e4hrigen H\u00fcnfelder Gaalbernfestes von 11 bis 15.30 Uhr seine Tore.<\/p>\n<\/div>","protected":false},"author":1,"featured_media":0,"comment_status":"closed","ping_status":"closed","sticky":false,"template":"","format":"standard","meta":{"footnotes":""},"categories":[1,53,48],"tags":[],"class_list":["post-4806","post","type-post","status-publish","format-standard","hentry","category-startseite","category-bildung","category-forschung"],"_links":{"self":[{"href":"https:\/\/www.fuldaernachrichten.de\/index.php?rest_route=\/wp\/v2\/posts\/4806","targetHints":{"allow":["GET"]}}],"collection":[{"href":"https:\/\/www.fuldaernachrichten.de\/index.php?rest_route=\/wp\/v2\/posts"}],"about":[{"href":"https:\/\/www.fuldaernachrichten.de\/index.php?rest_route=\/wp\/v2\/types\/post"}],"author":[{"embeddable":true,"href":"https:\/\/www.fuldaernachrichten.de\/index.php?rest_route=\/wp\/v2\/users\/1"}],"replies":[{"embeddable":true,"href":"https:\/\/www.fuldaernachrichten.de\/index.php?rest_route=%2Fwp%2Fv2%2Fcomments&post=4806"}],"version-history":[{"count":0,"href":"https:\/\/www.fuldaernachrichten.de\/index.php?rest_route=\/wp\/v2\/posts\/4806\/revisions"}],"wp:attachment":[{"href":"https:\/\/www.fuldaernachrichten.de\/index.php?rest_route=%2Fwp%2Fv2%2Fmedia&parent=4806"}],"wp:term":[{"taxonomy":"category","embeddable":true,"href":"https:\/\/www.fuldaernachrichten.de\/index.php?rest_route=%2Fwp%2Fv2%2Fcategories&post=4806"},{"taxonomy":"post_tag","embeddable":true,"href":"https:\/\/www.fuldaernachrichten.de\/index.php?rest_route=%2Fwp%2Fv2%2Ftags&post=4806"}],"curies":[{"name":"wp","href":"https:\/\/api.w.org\/{rel}","templated":true}]}}