{"id":4805,"date":"2007-08-22T00:26:21","date_gmt":"2007-08-21T22:26:21","guid":{"rendered":"http:\/\/www.schoene-nachrichten.de\/?p=4805"},"modified":"2007-08-22T00:26:52","modified_gmt":"2007-08-21T22:26:52","slug":"verkehrsregelungen-zum-huenfelder-gaalbernfest","status":"publish","type":"post","link":"https:\/\/www.fuldaernachrichten.de\/?p=4805","title":{"rendered":"Verkehrsregelungen zum H\u00fcnfelder Gaalbernfest"},"content":{"rendered":"<p><strong>Verkehr.<\/strong> Wegen des H\u00fcnfelder Gaalbernfests sind vom 24. bis 27. August Stra\u00dfensperrungen erforderlich. Die Lindenstra\u00dfe wird wegen des Festbetriebes am Freitag,\u00c2\u00a0den 24. August, ab 18 Uhr und am darauf folgenden Samstag ab 14 Uhr f\u00fcr den Fahrzeugverkehr gesperrt. Darauf weist die Stadt H\u00fcnfeld hin.<!--more--><br \/>\nAm Sonntag ist die Lindenstra\u00dfe ab 9 Uhr und zus\u00e4tzlich wegen des verkaufsoffenen Sonntags und der Oldtimer-Show auch die Haupt- und Mittelstra\u00dfe gesperrt. Die gleiche Sperrung gilt f\u00fcr Montag, den 27. August, in der Zeit von 17.30 bis 19 Uhr, weil zu diesem Zeitpunkt in der Innnenstadt der traditionelle Amtsbockbieranstich stattfindet. Die Zufahrt zum Parkhaus Lindenstra\u00dfe ist in dieser Zeit jeweils m\u00f6glich.<\/p>\n","protected":false},"excerpt":{"rendered":"<div class=\"tmnf_excerpt\"><p>Verkehr. Wegen des H\u00fcnfelder Gaalbernfests sind vom 24. bis 27. August Stra\u00dfensperrungen erforderlich. Die Lindenstra\u00dfe wird wegen des Festbetriebes am Freitag,\u00c2\u00a0den 24. August, ab 18 Uhr und am darauf folgenden Samstag ab 14 Uhr f\u00fcr den Fahrzeugverkehr gesperrt. Darauf weist die Stadt H\u00fcnfeld hin.<\/p>\n<\/div>","protected":false},"author":1,"featured_media":0,"comment_status":"closed","ping_status":"closed","sticky":false,"template":"","format":"standard","meta":{"footnotes":""},"categories":[1,35],"tags":[],"class_list":["post-4805","post","type-post","status-publish","format-standard","hentry","category-startseite","category-auto"],"_links":{"self":[{"href":"https:\/\/www.fuldaernachrichten.de\/index.php?rest_route=\/wp\/v2\/posts\/4805","targetHints":{"allow":["GET"]}}],"collection":[{"href":"https:\/\/www.fuldaernachrichten.de\/index.php?rest_route=\/wp\/v2\/posts"}],"about":[{"href":"https:\/\/www.fuldaernachrichten.de\/index.php?rest_route=\/wp\/v2\/types\/post"}],"author":[{"embeddable":true,"href":"https:\/\/www.fuldaernachrichten.de\/index.php?rest_route=\/wp\/v2\/users\/1"}],"replies":[{"embeddable":true,"href":"https:\/\/www.fuldaernachrichten.de\/index.php?rest_route=%2Fwp%2Fv2%2Fcomments&post=4805"}],"version-history":[{"count":0,"href":"https:\/\/www.fuldaernachrichten.de\/index.php?rest_route=\/wp\/v2\/posts\/4805\/revisions"}],"wp:attachment":[{"href":"https:\/\/www.fuldaernachrichten.de\/index.php?rest_route=%2Fwp%2Fv2%2Fmedia&parent=4805"}],"wp:term":[{"taxonomy":"category","embeddable":true,"href":"https:\/\/www.fuldaernachrichten.de\/index.php?rest_route=%2Fwp%2Fv2%2Fcategories&post=4805"},{"taxonomy":"post_tag","embeddable":true,"href":"https:\/\/www.fuldaernachrichten.de\/index.php?rest_route=%2Fwp%2Fv2%2Ftags&post=4805"}],"curies":[{"name":"wp","href":"https:\/\/api.w.org\/{rel}","templated":true}]}}