{"id":47982,"date":"2009-12-17T02:26:39","date_gmt":"2009-12-17T01:26:39","guid":{"rendered":"http:\/\/www.schoene-nachrichten.de\/?p=47982"},"modified":"2009-12-17T02:26:57","modified_gmt":"2009-12-17T01:26:57","slug":"heinrich-von-bibra-schule-und-mediana-besiegeln-25-offizielle-lernpartnerschaft-in-der-region-fulda","status":"publish","type":"post","link":"https:\/\/www.fuldaernachrichten.de\/?p=47982","title":{"rendered":"Heinrich-von-Bibra Schule und Mediana besiegeln 25. offizielle Lernpartnerschaft in der Region Fulda"},"content":{"rendered":"<p><a href=\"http:\/\/www.schoene-nachrichten.de\/wp-content\/uploads\/2009\/12\/091216_Mediana.jpg\"><img decoding=\"async\" class=\"alignleft size-thumbnail wp-image-47983\" title=\"091216_Mediana\" src=\"http:\/\/www.schoene-nachrichten.de\/wp-content\/uploads\/2009\/12\/091216_Mediana.jpg\" alt=\"091216_Mediana\" width=\"560\" srcset=\"https:\/\/www.fuldaernachrichten.de\/wp-content\/uploads\/2009\/12\/091216_Mediana.jpg 592w, https:\/\/www.fuldaernachrichten.de\/wp-content\/uploads\/2009\/12\/091216_Mediana-265x177.jpg 265w\" sizes=\"(max-width: 592px) 100vw, 592px\" \/><\/a><\/p>\n<p><strong>Fulda. <\/strong>Ein Jubil\u00e4um im Zeichen der Zusammenarbeit: Die 25. offizielle Lernpartnerschaft zwischen Schule und Unternehmen in der Region Fulda wurde jetzt besiegelt. Dabei geht es den Kooperationspartnern Mediana und Heinrich-von-Bibra-Schule verst\u00e4rkt auch um Generationen verbindendes Miteinander. W\u00e4hrend der Auftaktfeier im Wohnstift setzten Sch\u00fclerinnen und Sch\u00fcler musikalische Akzente. Der Chor der Klassenstufen 5 bis 7 (Leitung: Verena Gass und Arno Zehkorn) gefiel ebenso wie die Bl\u00e4sergruppe unter Regie von Albert Kircher.<!--more--><\/p>\n<p>\u201eWenn etwas mit so viel Schwung beginnt, dann kann es eigentlich nur gelingen\u201c, betonte Schulamtsdirektor Dr. Michael Imhof. Er gilt als eigentlicher Initiator dieser Lernpartnerschaft und erkl\u00e4rte, dass es bei einer solchen Kooperation nur Gewinner geben k\u00f6nne. Die Heinrich-von-Bibra-Schule sei ein bedeutender Bildungsst\u00fctzpunkt in Fulda, und der Partnerschaftsvertrag, der viele M\u00f6glichkeiten er\u00f6ffne, k\u00f6nne sich sehen lassen. An die Adresse der M\u00e4dchen und Jungen sagte Imhof: \u201eIhr seid dabei die Hauptgewinner, deshalb nutzt diese Chancen, Einblicke in das reale Leben zu bekommen. Die Seniorinnen und Senioren sind wichtige Lehrmeister.\u201c<\/p>\n<p><a href=\"http:\/\/www.schoene-nachrichten.de\/wp-content\/uploads\/2009\/12\/091216_Mediana2.jpg\"><img decoding=\"async\" class=\"alignleft size-thumbnail wp-image-47984\" title=\"091216_Mediana2\" src=\"http:\/\/www.schoene-nachrichten.de\/wp-content\/uploads\/2009\/12\/091216_Mediana2-265x177.jpg\" alt=\"091216_Mediana2\" width=\"265\" height=\"177\" srcset=\"https:\/\/www.fuldaernachrichten.de\/wp-content\/uploads\/2009\/12\/091216_Mediana2-265x177.jpg 265w, https:\/\/www.fuldaernachrichten.de\/wp-content\/uploads\/2009\/12\/091216_Mediana2.jpg 592w\" sizes=\"(max-width: 265px) 100vw, 265px\" \/><\/a>Mediana-Gesch\u00e4ftsf\u00fchrer Hans-Karl Diederich unterstrich: \u201eWir wollen miteinander, voneinander und f\u00fcreinander lernen.\u201c Er freute sich, zahlreiche G\u00e4ste von dieser benachbarten Realschule sowie Schulamtsdirektorin Eleonore Reuter willkommen hei\u00dfen zu k\u00f6nnen. Sein Gru\u00df galt au\u00dferdem Michael Bernhard, der als Leiter der Mediana Akademie die Partnerschaft koordiniert, sowie Stiftsleiterin Michaela Heller vom Wohnstift und Andrea Briselat, Vize-Chefin des Pflegestiftes. Beide Einrichtungen, die auch mit Heimbeiratsmitgliedern vertreten waren, werden mit der Bibra-Schule zusammenarbeiten. \u201eWir hoffen auf eine gelebte Kooperation\u201c, so Diederich.<\/p>\n<p>Bei Mediana k\u00f6nne man pflegerischen und betriebswirtschaftlichen Alltag kennen lernen. Speziell den Sch\u00fclern sagte Diederich: \u201eWir freuen uns auf eure Neugierde und laden euch herzlich zum Praktikum ein.\u201c Nat\u00fcrlich seien auch gemeinsame Veranstaltungen angedacht \u2013 wie Ausstellungen oder Gespr\u00e4che \u00fcber Geschichte, die viele Senioren zum Teil selbst erlebt h\u00e4tten.<\/p>\n<p>Das stilvolle Ambiente des Wohnstiftes lobte Thomas Junk, Leiter der Bibra-Schule. Begleitet wurde er unter anderem von den Konrektoren Bianka Roth und Andreas Grenzer sowie der Elternbeiratsvorsitzenden Silvia Diegelmann. Junk \u00e4u\u00dferte seine Freude \u00fcber die Kooperation, die den Bezug der Jugend zum Alter intensivieren solle. Ihm liegen neben Berufsorientierung und Praktika f\u00fcr die Sch\u00fcler besonders Veranstaltungen am Herzen, die das Miteinander der Generationen f\u00f6rdern.<\/p>\n<p>\u201eWenn wir in einigen Monaten einen neuen Schulgarten anlegen werden, beziehen wir gern die Erfahrungen von Senioren mit ein\u201c, nannte Junk als Beispiel. Er unterzeichnete gemeinsam mit Diederich und Dr. Imhof den Kooperationsvertrag. Konkret wird die Zusammenarbeit schon im Januar, wenn die Bibra-Schule im Wohnstift ihr Weihnachtsmusical zeigt.<\/p>\n","protected":false},"excerpt":{"rendered":"<div class=\"tmnf_excerpt\"><p>Fulda. Ein Jubil\u00e4um im Zeichen der Zusammenarbeit: Die 25. offizielle Lernpartnerschaft zwischen Schule und Unternehmen in der Region Fulda wurde jetzt besiegelt. Dabei geht es den Kooperationspartnern Mediana und Heinrich-von-Bibra-Schule verst\u00e4rkt auch um Generationen verbindendes Miteinander. W\u00e4hrend der Auftaktfeier im Wohnstift setzten Sch\u00fclerinnen und Sch\u00fcler musikalische Akzente. Der Chor der Klassenstufen 5 bis 7 (Leitung: &hellip;<\/p>\n<\/div>","protected":false},"author":1,"featured_media":0,"comment_status":"closed","ping_status":"closed","sticky":false,"template":"","format":"standard","meta":{"footnotes":""},"categories":[1,44,78],"tags":[],"class_list":["post-47982","post","type-post","status-publish","format-standard","hentry","category-startseite","category-kultur","category-topthema"],"_links":{"self":[{"href":"https:\/\/www.fuldaernachrichten.de\/index.php?rest_route=\/wp\/v2\/posts\/47982","targetHints":{"allow":["GET"]}}],"collection":[{"href":"https:\/\/www.fuldaernachrichten.de\/index.php?rest_route=\/wp\/v2\/posts"}],"about":[{"href":"https:\/\/www.fuldaernachrichten.de\/index.php?rest_route=\/wp\/v2\/types\/post"}],"author":[{"embeddable":true,"href":"https:\/\/www.fuldaernachrichten.de\/index.php?rest_route=\/wp\/v2\/users\/1"}],"replies":[{"embeddable":true,"href":"https:\/\/www.fuldaernachrichten.de\/index.php?rest_route=%2Fwp%2Fv2%2Fcomments&post=47982"}],"version-history":[{"count":3,"href":"https:\/\/www.fuldaernachrichten.de\/index.php?rest_route=\/wp\/v2\/posts\/47982\/revisions"}],"predecessor-version":[{"id":48007,"href":"https:\/\/www.fuldaernachrichten.de\/index.php?rest_route=\/wp\/v2\/posts\/47982\/revisions\/48007"}],"wp:attachment":[{"href":"https:\/\/www.fuldaernachrichten.de\/index.php?rest_route=%2Fwp%2Fv2%2Fmedia&parent=47982"}],"wp:term":[{"taxonomy":"category","embeddable":true,"href":"https:\/\/www.fuldaernachrichten.de\/index.php?rest_route=%2Fwp%2Fv2%2Fcategories&post=47982"},{"taxonomy":"post_tag","embeddable":true,"href":"https:\/\/www.fuldaernachrichten.de\/index.php?rest_route=%2Fwp%2Fv2%2Ftags&post=47982"}],"curies":[{"name":"wp","href":"https:\/\/api.w.org\/{rel}","templated":true}]}}