{"id":4796,"date":"2007-08-24T00:19:54","date_gmt":"2007-08-23T22:19:54","guid":{"rendered":"http:\/\/www.schoene-nachrichten.de\/?p=4796"},"modified":"2007-08-24T12:07:56","modified_gmt":"2007-08-24T10:07:56","slug":"rallye-wm-die-weltelite-zu-gast-in-trier","status":"publish","type":"post","link":"https:\/\/www.fuldaernachrichten.de\/?p=4796","title":{"rendered":"Rallye-WM: Die Welt-Elite zu Gast in Trier"},"content":{"rendered":"<p><strong>Motorsport in\u00c2\u00a0Trier.<\/strong> Wie stolz sind alle deutschen Rallyefans auf das Pr\u00e4dikat\u00c2\u00a0&#8220;Weltmeisterschaftslauf&#8221;. Es\u00c2\u00a0war bereits das\u00c2\u00a0sechste Jahr, in dem es am vergangenen Wochenende auf Strecken wie\u00c2\u00a0&#8220;Sch\u00f6nes Moselland&#8221;, &#8220;Erzweiler&#8221;, &#8220;Dhrontal&#8221;, &#8220;Bosberg&#8221;\u00c2\u00a0und der legend\u00e4ren Panzerplatte in Baumholder um wichtige Punkte zum Weltmeistertitel ging. Jedoch schienen\u00c2\u00a0deutsche Fernsehsender, ob \u00f6ffentlich rechtlich oder privat,\u00c2\u00a0kein Interesse an der Berichterstattung zu haben. Nur wenige bis gar\u00c2\u00a0keine Berichte\u00c2\u00a0wurden im TV gezeigt -\u00c2\u00a0lediglich ein regionaler Radiosender brachte\u00c2\u00a0im halb-st\u00fcndlichen Abstand\u00c2\u00a0kurze Infos zum aktuellen Stand der Rallye.<\/p>\n<p><strong>Fotos (60) und Text:<\/strong> Marco Hellwig, Sebastian Hellwig &amp; Denny Rausch<\/p>\n<p><a rel=\"lightbox[roadtrip]\" target=\"_blank\" href=\"http:\/\/www.schoene-nachrichten.de\/wp-content\/uploads\/2007\/08\/070824_Rallye_21.jpg\" title=\"Foto: Marko Hellwig\"><img decoding=\"async\" width=\"128\" src=\"http:\/\/www.schoene-nachrichten.de\/wp-content\/uploads\/2007\/08\/070824_Rallye_21.thumbnail.jpg\" alt=\"070824_Rallye_21.jpg\" \/><\/a>\u00c2\u00a0<a rel=\"lightbox[roadtrip]\" target=\"_blank\" href=\"http:\/\/www.schoene-nachrichten.de\/wp-content\/uploads\/2007\/08\/070824_Rallye_19.jpg\" title=\"Foto: Marko Hellwig\"><img decoding=\"async\" width=\"128\" src=\"http:\/\/www.schoene-nachrichten.de\/wp-content\/uploads\/2007\/08\/070824_Rallye_19.thumbnail.jpg\" alt=\"070824_Rallye_19.jpg\" \/><\/a> <a rel=\"lightbox[roadtrip]\" target=\"_blank\" href=\"http:\/\/www.schoene-nachrichten.de\/wp-content\/uploads\/2007\/08\/070824_Rallye_30.jpg\" title=\"Foto: Marko Hellwig\"><img decoding=\"async\" width=\"128\" src=\"http:\/\/www.schoene-nachrichten.de\/wp-content\/uploads\/2007\/08\/070824_Rallye_30.thumbnail.jpg\" alt=\"070824_Rallye_30.jpg\" \/><\/a>\u00c2\u00a0<\/p>\n<p><a rel=\"lightbox[roadtrip]\" target=\"_blank\" href=\"http:\/\/www.schoene-nachrichten.de\/wp-content\/uploads\/2007\/08\/070824_Rallye_17.jpg\" title=\"Foto: Marko Hellwig\"><img decoding=\"async\" width=\"128\" src=\"http:\/\/www.schoene-nachrichten.de\/wp-content\/uploads\/2007\/08\/070824_Rallye_17.thumbnail.jpg\" alt=\"070824_Rallye_17.jpg\" \/><\/a>\u00c2\u00a0<a rel=\"lightbox[roadtrip]\" target=\"_blank\" href=\"http:\/\/www.schoene-nachrichten.de\/wp-content\/uploads\/2007\/08\/070824_Rallye_36.jpg\" title=\"Foto: Marko Hellwig\"><img decoding=\"async\" width=\"128\" src=\"http:\/\/www.schoene-nachrichten.de\/wp-content\/uploads\/2007\/08\/070824_Rallye_36.thumbnail.jpg\" alt=\"070824_Rallye_36.jpg\" \/><\/a> <a rel=\"lightbox[roadtrip]\" target=\"_blank\" href=\"http:\/\/www.schoene-nachrichten.de\/wp-content\/uploads\/2007\/08\/070824_Rallye_05.jpg\" title=\"Foto: Marko Hellwig\"><img decoding=\"async\" width=\"128\" src=\"http:\/\/www.schoene-nachrichten.de\/wp-content\/uploads\/2007\/08\/070824_Rallye_05.thumbnail.jpg\" alt=\"070824_Rallye_05.jpg\" \/><\/a> <!--more-->Bereits am Donnerstag begann die Veranstaltung mit dem Shakedown,\u00c2\u00a0bei dem\u00c2\u00a0die Wagen ein letztes Mal auf die anstehenden Pr\u00fcfungen abgestimmt werden konnten. Auch hier waren schon viele Zuschauer\u00c2\u00a0anwesend, um\u00c2\u00a0einen ersten Eindruck \u00fcber die Teilnehmer zu bekommen.<\/p>\n<p><a rel=\"lightbox[roadtrip]\" target=\"_blank\" href=\"http:\/\/www.schoene-nachrichten.de\/wp-content\/uploads\/2007\/08\/070824_Rallye_16.jpg\" title=\"Foto: Marko Hellwig\"><img decoding=\"async\" width=\"128\" src=\"http:\/\/www.schoene-nachrichten.de\/wp-content\/uploads\/2007\/08\/070824_Rallye_16.thumbnail.jpg\" alt=\"070824_Rallye_16.jpg\" \/><\/a>\u00c2\u00a0<a rel=\"lightbox[roadtrip]\" target=\"_blank\" href=\"http:\/\/www.schoene-nachrichten.de\/wp-content\/uploads\/2007\/08\/070824_Rallye_42.jpg\" title=\"Foto: Marko Hellwig\"><img decoding=\"async\" width=\"128\" src=\"http:\/\/www.schoene-nachrichten.de\/wp-content\/uploads\/2007\/08\/070824_Rallye_42.thumbnail.jpg\" alt=\"070824_Rallye_42.jpg\" \/><\/a> <a rel=\"lightbox[roadtrip]\" target=\"_blank\" href=\"http:\/\/www.schoene-nachrichten.de\/wp-content\/uploads\/2007\/08\/070824_Rallye_20.jpg\" title=\"Foto: Marko Hellwig\"><img decoding=\"async\" width=\"128\" src=\"http:\/\/www.schoene-nachrichten.de\/wp-content\/uploads\/2007\/08\/070824_Rallye_20.thumbnail.jpg\" alt=\"070824_Rallye_20.jpg\" \/><\/a><\/p>\n<p>Am Freitag, um 10:13 Uhr,\u00c2\u00a0startete die erste Wertungspr\u00fcfung &#8220;Ruwertal Fell&#8221; mit fast 20 Kilometern\u00c2\u00a0L\u00e4nge. Auf dieser WP konnte der f\u00fcnffache Deutschlandsieger Sebastian Loeb aus Frankreich mit seinem Citroen C4 WRC die erste Bestzeit vorlegen, gefolgt von Fancois Duval auf seinem Citroen Xsara WRC. Als dritter \u00fcberquerte Daniel Sordo, Teamkollege vom Loeb und damit\u00c2\u00a0ebenfalls auf einem Citroen C4 WRC, die Ziellinie.<\/p>\n<p><a rel=\"lightbox[roadtrip]\" target=\"_blank\" href=\"http:\/\/www.schoene-nachrichten.de\/wp-content\/uploads\/2007\/08\/070824_Rallye_22.jpg\" title=\"Foto: Marko Hellwig\"><img decoding=\"async\" width=\"128\" src=\"http:\/\/www.schoene-nachrichten.de\/wp-content\/uploads\/2007\/08\/070824_Rallye_22.thumbnail.jpg\" alt=\"070824_Rallye_22.jpg\" \/><\/a>\u00c2\u00a0<a rel=\"lightbox[roadtrip]\" target=\"_blank\" href=\"http:\/\/www.schoene-nachrichten.de\/wp-content\/uploads\/2007\/08\/070824_Rallye_02.jpg\" title=\"Foto: Marko Hellwig\"><img decoding=\"async\" width=\"128\" src=\"http:\/\/www.schoene-nachrichten.de\/wp-content\/uploads\/2007\/08\/070824_Rallye_02.thumbnail.jpg\" alt=\"070824_Rallye_02.jpg\" \/><\/a> <a rel=\"lightbox[roadtrip]\" target=\"_blank\" href=\"http:\/\/www.schoene-nachrichten.de\/wp-content\/uploads\/2007\/08\/070824_Rallye_23.jpg\" title=\"Foto: Marko Hellwig\"><img decoding=\"async\" width=\"128\" src=\"http:\/\/www.schoene-nachrichten.de\/wp-content\/uploads\/2007\/08\/070824_Rallye_23.thumbnail.jpg\" alt=\"070824_Rallye_23.jpg\" \/><\/a><\/p>\n<p>Um 11:26 Uhr\u00c2\u00a0startete\u00c2\u00a0die Rallye\u00c2\u00a0auch in der &#8220;Grafschaft Veldenz&#8221;.\u00c2\u00a0Loeb dominierte auch diese WP\u00c2\u00a0und kam vor Marcus G\u00f6nholm\u00c2\u00a0(Ford Focus WRC) und Francois Duval ins Ziel. Die dritte\u00c2\u00a0WP &#8220;Sch\u00f6nes Moselland&#8221;\u00c2\u00a0begann p\u00fcnktlich um 12:09 Uhr. Die Strecke verlief in den Weinbergen direkt am Ufer der Mosel &#8211; eine sehr sch\u00f6n gelegene aber auch\u00c2\u00a0anspruchsvolle Pr\u00fcfung, die von den Zuschauern gerne besucht wird.\u00c2\u00a0<\/p>\n<p><a rel=\"lightbox[roadtrip]\" target=\"_blank\" href=\"http:\/\/www.schoene-nachrichten.de\/wp-content\/uploads\/2007\/08\/070824_Rallye_03.jpg\" title=\"Foto: Marko Hellwig\"><img decoding=\"async\" width=\"128\" src=\"http:\/\/www.schoene-nachrichten.de\/wp-content\/uploads\/2007\/08\/070824_Rallye_03.thumbnail.jpg\" alt=\"070824_Rallye_03.jpg\" \/><\/a>\u00c2\u00a0<a rel=\"lightbox[roadtrip]\" target=\"_blank\" href=\"http:\/\/www.schoene-nachrichten.de\/wp-content\/uploads\/2007\/08\/070824_Rallye_26.jpg\" title=\"Foto: Marko Hellwig\"><img decoding=\"async\" width=\"128\" src=\"http:\/\/www.schoene-nachrichten.de\/wp-content\/uploads\/2007\/08\/070824_Rallye_26.thumbnail.jpg\" alt=\"070824_Rallye_26.jpg\" \/><\/a> <a rel=\"lightbox[roadtrip]\" target=\"_blank\" href=\"http:\/\/www.schoene-nachrichten.de\/wp-content\/uploads\/2007\/08\/070824_Rallye_27.jpg\" title=\"Foto: Marko Hellwig\"><img decoding=\"async\" width=\"128\" src=\"http:\/\/www.schoene-nachrichten.de\/wp-content\/uploads\/2007\/08\/070824_Rallye_27.thumbnail.jpg\" alt=\"070824_Rallye_27.jpg\" \/><\/a><\/p>\n<p>Die Fans stehen oberhalb der Strecke auf den Mauern der Weinberge und k\u00f6nnen einen perfekten Einblick\u00c2\u00a0in die Rallyewagen\u00c2\u00a0geni\u00dfen. Diese Pr\u00fcfung befuhr Francois Duval als bester, gefolgt von Sebastian Loeb und Daniel Sordo.<\/p>\n<p><a rel=\"lightbox[roadtrip]\" target=\"_blank\" href=\"http:\/\/www.schoene-nachrichten.de\/wp-content\/uploads\/2007\/08\/070824_Rallye_09.jpg\" title=\"Foto: Marko Hellwig\"><img decoding=\"async\" width=\"128\" src=\"http:\/\/www.schoene-nachrichten.de\/wp-content\/uploads\/2007\/08\/070824_Rallye_09.thumbnail.jpg\" alt=\"070824_Rallye_09.jpg\" \/><\/a>\u00c2\u00a0<a rel=\"lightbox[roadtrip]\" target=\"_blank\" href=\"http:\/\/www.schoene-nachrichten.de\/wp-content\/uploads\/2007\/08\/070824_Rallye_33.jpg\" title=\"Foto: Marko Hellwig\"><img decoding=\"async\" width=\"128\" src=\"http:\/\/www.schoene-nachrichten.de\/wp-content\/uploads\/2007\/08\/070824_Rallye_33.thumbnail.jpg\" alt=\"070824_Rallye_33.jpg\" \/><\/a>\u00c2\u00a0<a rel=\"lightbox[roadtrip]\" target=\"_blank\" href=\"http:\/\/www.schoene-nachrichten.de\/wp-content\/uploads\/2007\/08\/070824_Rallye_18.jpg\" title=\"Foto: Marko Hellwig\"><img decoding=\"async\" width=\"128\" src=\"http:\/\/www.schoene-nachrichten.de\/wp-content\/uploads\/2007\/08\/070824_Rallye_18.thumbnail.jpg\" alt=\"070824_Rallye_18.jpg\" \/><\/a><\/p>\n<p>Alle drei\u00c2\u00a0Pr\u00fcfungen wurden am Nachmittag\u00c2\u00a0wiederholt, wodurch sich\u00c2\u00a0folgendes Zwischenergebnis nach dem ersten von drei Tagen ergab:<\/p>\n<p>1\u00c2\u00a0DUVAL\/PIVATO (Citroen) 1:14:10.9\u00c2\u00a0(0.0)<br \/>\n2\u00c2\u00a0LOEB\/ELENA (Citroen) 1:14:12.2\u00c2\u00a0(+1.3)<br \/>\n3\u00c2\u00a0GR\u00d6NHOLM\/RAUTIAINEN (Ford)\u00c2\u00a01:14:28.3\u00c2\u00a0(+17.4)<br \/>\n4\u00c2\u00a0HIRVONEN\/LEHTINEN (Ford)\u00c2\u00a01:14:33.6\u00c2\u00a0(+22.7)<br \/>\n5\u00c2\u00a0GARDEMEISTER\/HONKANEN (Citroen)\u00c2\u00a01:15:15.1\u00c2\u00a0(+1:04.2)<br \/>\n6\u00c2\u00a0KOPECK\u00c3\u009d\/SCHOV\u00c3\u0081NEK (Skoda)\u00c2\u00a01:15:37.5\u00c2\u00a0(+1:26.6)<br \/>\n7\u00c2\u00a0PONS\/AMIGO (Subaru)\u00c2\u00a01:15:48.1\u00c2\u00a0(+1:37.2)<br \/>\n8\u00c2\u00a0LATVALA\/ANTTILA (Ford)\u00c2\u00a01:15:51.6\u00c2\u00a0(+1:40.7)<br \/>\n9\u00c2\u00a0SOLBERG\/MILLS (Subaru)\u00c2\u00a01:16:01.6\u00c2\u00a0(+1:50.7)<br \/>\n10 STOHL\/MINOR (Citroen)\u00c2\u00a01:16:21.2\u00c2\u00a0(+2:10.3)<\/p>\n<p><a rel=\"lightbox[roadtrip]\" target=\"_blank\" href=\"http:\/\/www.schoene-nachrichten.de\/wp-content\/uploads\/2007\/08\/070824_Rallye_34.jpg\" title=\"Foto: Marko Hellwig\"><img decoding=\"async\" width=\"128\" src=\"http:\/\/www.schoene-nachrichten.de\/wp-content\/uploads\/2007\/08\/070824_Rallye_34.thumbnail.jpg\" alt=\"070824_Rallye_34.jpg\" \/><\/a>\u00c2\u00a0<a rel=\"lightbox[roadtrip]\" target=\"_blank\" href=\"http:\/\/www.schoene-nachrichten.de\/wp-content\/uploads\/2007\/08\/070824_Rallye_08.jpg\" title=\"Foto: Marko Hellwig\"><img decoding=\"async\" width=\"128\" src=\"http:\/\/www.schoene-nachrichten.de\/wp-content\/uploads\/2007\/08\/070824_Rallye_08.thumbnail.jpg\" alt=\"070824_Rallye_08.jpg\" \/><\/a> <a rel=\"lightbox[roadtrip]\" target=\"_blank\" href=\"http:\/\/www.schoene-nachrichten.de\/wp-content\/uploads\/2007\/08\/070824_Rallye_35.jpg\" title=\"Foto: Marko Hellwig\"><img decoding=\"async\" width=\"128\" src=\"http:\/\/www.schoene-nachrichten.de\/wp-content\/uploads\/2007\/08\/070824_Rallye_35.thumbnail.jpg\" alt=\"070824_Rallye_35.jpg\" \/><\/a><\/p>\n<p>Am Samstag startete die siebte Pr\u00fcfung\u00c2\u00a0&#8220;St. Wendeler Land&#8221; um 8:33 Uhr.\u00c2\u00a0Mikko Hirvonen\u00c2\u00a0(Ford Focus WRC) konnte die Bestzeit dieser WP in den Asphalt brennen. Zweiter wurde Sebastian Loeb gefolgt von\u00c2\u00a0Toni Gardemeister\u00c2\u00a0(Citroen Xsara WRC). Die zweite WP des Tages, &#8220;Bosenberg&#8221;, startete um 9:06 Uhr, die Loeb vor Gr\u00f6nholm und Hirvonen f\u00fcr sich entscheiden konnte. Auf WP 9 &#8220;Erzweiler&#8221;\u00c2\u00a0(10:29 Uhr)\u00c2\u00a0konnte man Gr\u00f6nholm wieder\u00c2\u00a0auf Platz eins, vor Loeb und dem \u00dcberaschungsdritten Cristopher Atkinson\u00c2\u00a0(Subaru Imprezza WRC), sehen.<\/p>\n<p><a rel=\"lightbox[roadtrip]\" target=\"_blank\" href=\"http:\/\/www.schoene-nachrichten.de\/wp-content\/uploads\/2007\/08\/070824_Rallye_39.jpg\" title=\"Foto: Marko Hellwig\"><img decoding=\"async\" width=\"128\" src=\"http:\/\/www.schoene-nachrichten.de\/wp-content\/uploads\/2007\/08\/070824_Rallye_39.thumbnail.jpg\" alt=\"070824_Rallye_39.jpg\" \/><\/a>\u00c2\u00a0<a rel=\"lightbox[roadtrip]\" target=\"_blank\" href=\"http:\/\/www.schoene-nachrichten.de\/wp-content\/uploads\/2007\/08\/070824_Rallye_38.jpg\" title=\"Foto: Marko Hellwig\"><img decoding=\"async\" width=\"128\" src=\"http:\/\/www.schoene-nachrichten.de\/wp-content\/uploads\/2007\/08\/070824_Rallye_38.thumbnail.jpg\" alt=\"070824_Rallye_38.jpg\" \/><\/a> <a rel=\"lightbox[roadtrip]\" target=\"_blank\" href=\"http:\/\/www.schoene-nachrichten.de\/wp-content\/uploads\/2007\/08\/070824_Rallye_10.jpg\" title=\"Foto: Marko Hellwig\"><img decoding=\"async\" width=\"128\" src=\"http:\/\/www.schoene-nachrichten.de\/wp-content\/uploads\/2007\/08\/070824_Rallye_10.thumbnail.jpg\" alt=\"070824_Rallye_10.jpg\" \/><\/a>\u00c2\u00a0<\/p>\n<p>Die\u00c2\u00a0beste WP des Laufes in Deutschland kam erst jetzt &#8211; es wartete die &#8220;Arena Panzerplatte&#8221; auf dem Truppen\u00fcbungsplatz in Baumholder auf die Teams und ihre Boliden. Auf der\u00c2\u00a0&#8220;Platte&#8221; fanden sich\u00c2\u00a0mehrere tausend Fans aus ganz Europa ein, um ihre Helden zu feiern. Sie kamen aus Frankreich, Italien, \u00d6sterreich, Estland, Polen, aus den Niederlanden, Norwegen und vielen anderen L\u00e4ndern. F\u00fcr die Fahrer galt es, mehr als 30 Kilometer, scharfe\u00c2\u00a0Kurven und enge Kehren, rauhen reifenmordenden Belag sowie die gef\u00fcrchteten &#8220;Hinkelsteine&#8221; neben der Strecke, die so manchen\u00c2\u00a0&#8220;Cutter&#8221; b\u00f6se \u00fcberrascht haben, zu absolvieren.\u00c2\u00a0<\/p>\n<p><a rel=\"lightbox[roadtrip]\" target=\"_blank\" href=\"http:\/\/www.schoene-nachrichten.de\/wp-content\/uploads\/2007\/08\/070824_Rallye_43.jpg\" title=\"Foto: Marko Hellwig\"><img decoding=\"async\" width=\"128\" src=\"http:\/\/www.schoene-nachrichten.de\/wp-content\/uploads\/2007\/08\/070824_Rallye_43.thumbnail.jpg\" alt=\"070824_Rallye_43.jpg\" \/><\/a> <a rel=\"lightbox[roadtrip]\" target=\"_blank\" href=\"http:\/\/www.schoene-nachrichten.de\/wp-content\/uploads\/2007\/08\/070824_Rallye_44.jpg\" title=\"Foto: Marko Hellwig\"><img decoding=\"async\" width=\"128\" src=\"http:\/\/www.schoene-nachrichten.de\/wp-content\/uploads\/2007\/08\/070824_Rallye_44.thumbnail.jpg\" alt=\"070824_Rallye_44.jpg\" \/><\/a> <a rel=\"lightbox[roadtrip]\" target=\"_blank\" href=\"http:\/\/www.schoene-nachrichten.de\/wp-content\/uploads\/2007\/08\/070824_Rallye_45.jpg\" title=\"Foto: Marko Hellwig\"><img decoding=\"async\" width=\"128\" src=\"http:\/\/www.schoene-nachrichten.de\/wp-content\/uploads\/2007\/08\/070824_Rallye_45.thumbnail.jpg\" alt=\"070824_Rallye_45.jpg\" \/><\/a><\/p>\n<p>Sogar eine weibliche &#8220;Pers\u00f6nlichkeit&#8221; findet man\u00c2\u00a0auf der Platte. Sie wird von den Fans liebevoll\u00c2\u00a0&#8220;Gina&#8221; genannt und abg\u00f6ttisch geliebt. Bei &#8220;Gina&#8221; handelt sich\u00c2\u00a0um eine Sprungkuppe, die nach einem &#8220;geht-voll&#8221;-Gef\u00e4llst\u00fcck angefahren wird.\u00c2\u00a0Die Fans konnten Spr\u00fcnge von bis zu 40 Metern sehen, klar das dort viele Zuschauer vertreten waren und um einen Zuschauerplatz k\u00e4mfen musste.<\/p>\n<p><a rel=\"lightbox[roadtrip]\" target=\"_blank\" href=\"http:\/\/www.schoene-nachrichten.de\/wp-content\/uploads\/2007\/08\/070824_Rallye_13.jpg\" title=\"Foto: Marko Hellwig\"><img decoding=\"async\" width=\"128\" src=\"http:\/\/www.schoene-nachrichten.de\/wp-content\/uploads\/2007\/08\/070824_Rallye_13.thumbnail.jpg\" alt=\"070824_Rallye_13.jpg\" \/><\/a> <a rel=\"lightbox[roadtrip]\" target=\"_blank\" href=\"http:\/\/www.schoene-nachrichten.de\/wp-content\/uploads\/2007\/08\/070824_Rallye_14.jpg\" title=\"Foto: Marko Hellwig\"><img decoding=\"async\" width=\"128\" src=\"http:\/\/www.schoene-nachrichten.de\/wp-content\/uploads\/2007\/08\/070824_Rallye_14.thumbnail.jpg\" alt=\"070824_Rallye_14.jpg\" \/><\/a> <a rel=\"lightbox[roadtrip]\" target=\"_blank\" href=\"http:\/\/www.schoene-nachrichten.de\/wp-content\/uploads\/2007\/08\/070824_Rallye_15.jpg\" title=\"Foto: Marko Hellwig\"><img decoding=\"async\" width=\"128\" src=\"http:\/\/www.schoene-nachrichten.de\/wp-content\/uploads\/2007\/08\/070824_Rallye_15.thumbnail.jpg\" alt=\"070824_Rallye_15.jpg\" \/><\/a><\/p>\n<p>Die Arena wurde wie immer bestens vorbereitet &#8211; ein Lob an die \u00fcber 2000 ehrenamtlichen Helfer, Vereine, Verb\u00e4nde und Sponsoren, ohne die\u00c2\u00a0eine\u00c2\u00a0Veranstaltung wie diese nicht m\u00f6glich gewesen\u00c2\u00a0w\u00e4re. Bestens funktioniert hat auch der\u00c2\u00a0Shuttlebus-Service, der die Zuschauer von den Parkpl\u00e4tzen kostenlos zur Arena fuhr und auch wieder abholte.<\/p>\n<p><a rel=\"lightbox[roadtrip]\" target=\"_blank\" href=\"http:\/\/www.schoene-nachrichten.de\/wp-content\/uploads\/2007\/08\/070824_Rallye_55.jpg\" title=\"Foto: Marko Hellwig\"><img decoding=\"async\" width=\"128\" src=\"http:\/\/www.schoene-nachrichten.de\/wp-content\/uploads\/2007\/08\/070824_Rallye_55.thumbnail.jpg\" alt=\"070824_Rallye_55.jpg\" \/><\/a> <a rel=\"lightbox[roadtrip]\" target=\"_blank\" href=\"http:\/\/www.schoene-nachrichten.de\/wp-content\/uploads\/2007\/08\/070824_Rallye_56.jpg\" title=\"Foto: Marko Hellwig\"><img decoding=\"async\" width=\"128\" src=\"http:\/\/www.schoene-nachrichten.de\/wp-content\/uploads\/2007\/08\/070824_Rallye_56.thumbnail.jpg\" alt=\"070824_Rallye_56.jpg\" \/><\/a> <a rel=\"lightbox[roadtrip]\" target=\"_blank\" href=\"http:\/\/www.schoene-nachrichten.de\/wp-content\/uploads\/2007\/08\/070824_Rallye_57.jpg\" title=\"Foto: Marko Hellwig\"><img decoding=\"async\" width=\"128\" src=\"http:\/\/www.schoene-nachrichten.de\/wp-content\/uploads\/2007\/08\/070824_Rallye_57.thumbnail.jpg\" alt=\"070824_Rallye_57.jpg\" \/><\/a><\/p>\n<p>Der erste Durchlauf auf der Panzerplatte startete um 11:02 Uhr. Sebastian Loeb konnte sich vor Gr\u00f6nholm und Akinson durchsetzen. Nach dieser Pr\u00fcfung ging es\u00c2\u00a0in den Servicebereich, anschlie\u00dfend\u00c2\u00a0zum &#8220;Regrouping&#8221; nach Trier. Um 15:17 Uhr erfolgte die Wiederholung der\u00c2\u00a0vier Tagespr\u00fcfungen.<\/p>\n<p><a rel=\"lightbox[roadtrip]\" target=\"_blank\" href=\"http:\/\/www.schoene-nachrichten.de\/wp-content\/uploads\/2007\/08\/070824_Rallye_52.jpg\" title=\"Foto: Marko Hellwig\"><img decoding=\"async\" width=\"128\" src=\"http:\/\/www.schoene-nachrichten.de\/wp-content\/uploads\/2007\/08\/070824_Rallye_52.thumbnail.jpg\" alt=\"070824_Rallye_52.jpg\" \/><\/a> <a rel=\"lightbox[roadtrip]\" target=\"_blank\" href=\"http:\/\/www.schoene-nachrichten.de\/wp-content\/uploads\/2007\/08\/070824_Rallye_53.jpg\" title=\"Foto: Marko Hellwig\"><img decoding=\"async\" width=\"128\" src=\"http:\/\/www.schoene-nachrichten.de\/wp-content\/uploads\/2007\/08\/070824_Rallye_53.thumbnail.jpg\" alt=\"070824_Rallye_53.jpg\" \/><\/a> <a rel=\"lightbox[roadtrip]\" target=\"_blank\" href=\"http:\/\/www.schoene-nachrichten.de\/wp-content\/uploads\/2007\/08\/070824_Rallye_54.jpg\" title=\"Foto: Marko Hellwig\"><img decoding=\"async\" width=\"128\" src=\"http:\/\/www.schoene-nachrichten.de\/wp-content\/uploads\/2007\/08\/070824_Rallye_54.thumbnail.jpg\" alt=\"070824_Rallye_54.jpg\" \/><\/a><\/p>\n<p>Das Zwischeergebnis setzte sich\u00c2\u00a0folgenderma\u00dfen zusammen:<\/p>\n<p>1\u00c2\u00a0LOEB\/ELENA (Citroen)\u00c2\u00a02:48:40.4\u00c2\u00a0(0.0)<br \/>\n2 GR\u00d6NHOLM\/RAUTIAINEN (Ford)\u00c2\u00a02:49:18.2\u00c2\u00a0(+37.8)<br \/>\n3\u00c2\u00a0DUVAL\/PIVATO (Citroen)\u00c2\u00a02:49:30.8\u00c2\u00a0(+50.4)<br \/>\n4\u00c2\u00a0HIRVONEN\/LEHTINEN (Ford)\u00c2\u00a02:49:35.9\u00c2\u00a0(+55.5)<br \/>\n5\u00c2\u00a0KOPECK\u00c3\u009d\/SCHOV\u00c3\u0081NEK (Skoda)\u00c2\u00a02:51:29.1\u00c2\u00a0(+2:48.7)<br \/>\n6\u00c2\u00a0GARDEMEISTER\/HONKANEN (Citroen)\u00c2\u00a02:51:31.8\u00c2\u00a0(+2:51.4)<br \/>\n7\u00c2\u00a0SOLBERG\/MILLS (Subaru)\u00c2\u00a02:51:47.5\u00c2\u00a0(+3:07.1)<br \/>\n8\u00c2\u00a0PONS\/AMIGO (Subaru)\u00c2\u00a02:52:56.8\u00c2\u00a0(+4:16.4)<br \/>\n9\u00c2\u00a0LATVALA\/ANTTILA (Ford)\u00c2\u00a02:53:34.2\u00c2\u00a0(+4:53.8)<br \/>\n10\u00c2\u00a0ATKINSON\/PREVOT (Subaru)\u00c2\u00a02:57:31.3\u00c2\u00a0(+8:50.9)<\/p>\n<p><a rel=\"lightbox[roadtrip]\" target=\"_blank\" href=\"http:\/\/www.schoene-nachrichten.de\/wp-content\/uploads\/2007\/08\/070824_Rallye_24.jpg\" title=\"Foto: Marko Hellwig\"><img decoding=\"async\" width=\"128\" src=\"http:\/\/www.schoene-nachrichten.de\/wp-content\/uploads\/2007\/08\/070824_Rallye_24.thumbnail.jpg\" alt=\"070824_Rallye_24.jpg\" \/><\/a>\u00c2\u00a0<a rel=\"lightbox[roadtrip]\" target=\"_blank\" href=\"http:\/\/www.schoene-nachrichten.de\/wp-content\/uploads\/2007\/08\/070824_Rallye_25.jpg\" title=\"Foto: Marko Hellwig\"><img decoding=\"async\" width=\"128\" src=\"http:\/\/www.schoene-nachrichten.de\/wp-content\/uploads\/2007\/08\/070824_Rallye_25.thumbnail.jpg\" alt=\"070824_Rallye_25.jpg\" \/><\/a> <a rel=\"lightbox[roadtrip]\" target=\"_blank\" href=\"http:\/\/www.schoene-nachrichten.de\/wp-content\/uploads\/2007\/08\/070824_Rallye_01.jpg\" title=\"Foto: Marko Hellwig\"><img decoding=\"async\" width=\"128\" src=\"http:\/\/www.schoene-nachrichten.de\/wp-content\/uploads\/2007\/08\/070824_Rallye_01.thumbnail.jpg\" alt=\"070824_Rallye_01.jpg\" \/><\/a>\u00c2\u00a0<\/p>\n<p>Nach dem ersten Durchlauf auf der Panzerplatte fuhren in der Pause die Zuschauerlieblinge\u00c2\u00a0&#8220;Slowly Sideways&#8221; auf einem hergerichteten Rundkurs.\u00c2\u00a0Die Fans bestaunten die Fahrzeuge, die vor einigen Jahren auf den Rallystrecken zugegen waren. Vom Audi S1, Opel Manta 400, Mercedes Benz 450 SL \u00fcber\u00c2\u00a0Lancia Stratos, BMW 2002i, Ford Escorth 1800RS bis zum Toyota Celica, Porche 924 Turbo, Safari Porsche und einem alten Mecedes G Modell im Rennlook und vielen mehr war alles vertreten was Rang und Namen in der Szene hat. Die Zuschauer\u00c2\u00a0bekamen die Fahrzeuge\u00c2\u00a0mit wilden Drifts, Verbremsern und \u00dcberholman\u00f6vern gleich mehrmals zu Gesicht -\u00c2\u00a0ein wirklich sehr gelungenes Spektakel.<\/p>\n<p><a rel=\"lightbox[roadtrip]\" target=\"_blank\" href=\"http:\/\/www.schoene-nachrichten.de\/wp-content\/uploads\/2007\/08\/070824_Rallye_31.jpg\" title=\"Foto: Marko Hellwig\"><img decoding=\"async\" width=\"128\" src=\"http:\/\/www.schoene-nachrichten.de\/wp-content\/uploads\/2007\/08\/070824_Rallye_31.thumbnail.jpg\" alt=\"070824_Rallye_31.jpg\" \/><\/a> <a rel=\"lightbox[roadtrip]\" target=\"_blank\" href=\"http:\/\/www.schoene-nachrichten.de\/wp-content\/uploads\/2007\/08\/070824_Rallye_32.jpg\" title=\"Foto: Marko Hellwig\"><img decoding=\"async\" width=\"128\" src=\"http:\/\/www.schoene-nachrichten.de\/wp-content\/uploads\/2007\/08\/070824_Rallye_32.thumbnail.jpg\" alt=\"070824_Rallye_32.jpg\" \/><\/a> <a rel=\"lightbox[roadtrip]\" target=\"_blank\" href=\"http:\/\/www.schoene-nachrichten.de\/wp-content\/uploads\/2007\/08\/070824_Rallye_04.jpg\" title=\"Foto: Marko Hellwig\"><img decoding=\"async\" width=\"128\" src=\"http:\/\/www.schoene-nachrichten.de\/wp-content\/uploads\/2007\/08\/070824_Rallye_04.thumbnail.jpg\" alt=\"070824_Rallye_04.jpg\" \/><\/a>\u00c2\u00a0<\/p>\n<p>Der Sonntag bildete\u00c2\u00a0den Abschluss der Veranstaltung. Es\u00c2\u00a0wurden weitere vier WPs und eine &#8220;Super Special&#8221;, n\u00e4mlich der sogenannte &#8220;Circus Maximus&#8221;, in der Innenstadt von Trier gefahren. Start der WP &#8220;Dhrontal&#8221; war um 9:18 Uhr &#8211; schnellster Pilot war\u00c2\u00a0Duval vor Atkinson und Gr\u00f6nholm. Die darauf folgende Pr\u00fcfung\u00c2\u00a0&#8220;Moselwein&#8221; konnte Duval vor Gr\u00f6nholm und Loeb f\u00fcr sich entscheiden.<\/p>\n<p><a rel=\"lightbox[roadtrip]\" target=\"_blank\" href=\"http:\/\/www.schoene-nachrichten.de\/wp-content\/uploads\/2007\/08\/070824_Rallye_28.jpg\" title=\"Foto: Marko Hellwig\"><img decoding=\"async\" width=\"128\" src=\"http:\/\/www.schoene-nachrichten.de\/wp-content\/uploads\/2007\/08\/070824_Rallye_28.thumbnail.jpg\" alt=\"070824_Rallye_28.jpg\" \/><\/a>\u00c2\u00a0<a rel=\"lightbox[roadtrip]\" target=\"_blank\" href=\"http:\/\/www.schoene-nachrichten.de\/wp-content\/uploads\/2007\/08\/070824_Rallye_06.jpg\" title=\"Foto: Marko Hellwig\"><img decoding=\"async\" width=\"128\" src=\"http:\/\/www.schoene-nachrichten.de\/wp-content\/uploads\/2007\/08\/070824_Rallye_06.thumbnail.jpg\" alt=\"070824_Rallye_06.jpg\" \/><\/a> <a rel=\"lightbox[roadtrip]\" target=\"_blank\" href=\"http:\/\/www.schoene-nachrichten.de\/wp-content\/uploads\/2007\/08\/070824_Rallye_29.jpg\" title=\"Foto: Marko Hellwig\"><img decoding=\"async\" width=\"128\" src=\"http:\/\/www.schoene-nachrichten.de\/wp-content\/uploads\/2007\/08\/070824_Rallye_29.thumbnail.jpg\" alt=\"070824_Rallye_29.jpg\" \/><\/a><\/p>\n<p>Den nur 4,36\u00c2\u00a0Kilometer kurzen\u00c2\u00a0Stadtrundkurs\u00c2\u00a0&#8220;Circus Maximus&#8221;, f\u00fcr den bereits Tage zuvor alle Eintrittskarten ausverkauft waren, umrundete Duval in der schnellsten Zeit vor Gr\u00f6nholm und Petter Solberg auf seinem Subaru Impreza WRC 2006.\u00c2\u00a0Auch nach diesem Rundkurs wurden\u00c2\u00a0die beiden Pr\u00fcfungen vom Vormittag wiederholt. Die Siegerehrung fand am Abend in Trier statt.<\/p>\n<p><a rel=\"lightbox[roadtrip]\" target=\"_blank\" href=\"http:\/\/www.schoene-nachrichten.de\/wp-content\/uploads\/2007\/08\/070824_Rallye_12.jpg\" title=\"Foto: Marko Hellwig\"><img decoding=\"async\" width=\"128\" src=\"http:\/\/www.schoene-nachrichten.de\/wp-content\/uploads\/2007\/08\/070824_Rallye_12.thumbnail.jpg\" alt=\"070824_Rallye_12.jpg\" \/><\/a>\u00c2\u00a0<a rel=\"lightbox[roadtrip]\" target=\"_blank\" href=\"http:\/\/www.schoene-nachrichten.de\/wp-content\/uploads\/2007\/08\/070824_Rallye_37.jpg\" title=\"Foto: Marko Hellwig\"><img decoding=\"async\" width=\"128\" src=\"http:\/\/www.schoene-nachrichten.de\/wp-content\/uploads\/2007\/08\/070824_Rallye_37.thumbnail.jpg\" alt=\"070824_Rallye_37.jpg\" \/><\/a> <a rel=\"lightbox[roadtrip]\" target=\"_blank\" href=\"http:\/\/www.schoene-nachrichten.de\/wp-content\/uploads\/2007\/08\/070824_Rallye_07.jpg\" title=\"Foto: Marko Hellwig\"><img decoding=\"async\" width=\"128\" src=\"http:\/\/www.schoene-nachrichten.de\/wp-content\/uploads\/2007\/08\/070824_Rallye_07.thumbnail.jpg\" alt=\"070824_Rallye_07.jpg\" \/><\/a>\u00c2\u00a0<\/p>\n<p>Endergebnis:<\/p>\n<p>1\u00c2\u00a0LOEB\/ELENA (Citroen)\u00c2\u00a03:27:27.5\u00c2\u00a0(0.0)<br \/>\n2\u00c2\u00a0DUVAL\/PIVATO (Citroen)\u00c2\u00a03:27:47.8\u00c2\u00a0(+20.3)<br \/>\n3\u00c2\u00a0HIRVONEN\/LEHTINEN (Ford)\u00c2\u00a03:28:46.6\u00c2\u00a0(+1:19.1)<br \/>\n4\u00c2\u00a0GR\u00d6NHOLM\/RAUTIAINEN (Ford)\u00c2\u00a03:29:04.0\u00c2\u00a0(+1:36.5)<br \/>\n5\u00c2\u00a0KOPECK\u00c3\u009d\/SCHOV\u00c3\u0081NEK (Skoda)\u00c2\u00a03:30:34.6\u00c2\u00a0(+3:07.1)<br \/>\n6\u00c2\u00a0SOLBERG\/MILLS (Subaru)\u00c2\u00a03:30:42.2\u00c2\u00a0(+3:14.7)<br \/>\n7\u00c2\u00a0GARDEMEISTER\/HONKANEN (Citroen)\u00c2\u00a03:31:05.0\u00c2\u00a0(+3:37.5)<br \/>\n8\u00c2\u00a0LATVALA\/ANTTILA (Ford)\u00c2\u00a03:32:56.8\u00c2\u00a0(+5:29.3)<br \/>\n9\u00c2\u00a0WILSON\/ORR (Ford)\u00c2\u00a03:38:31.7\u00c2\u00a0(+11:04.2)<br \/>\n10\u00c2\u00a0WILKS\/PUGH (Ford)\u00c2\u00a03:47:15.3\u00c2\u00a0(+19:47.8)<\/p>\n<p><a rel=\"lightbox[roadtrip]\" target=\"_blank\" href=\"http:\/\/www.schoene-nachrichten.de\/wp-content\/uploads\/2007\/08\/070824_Rallye_11.jpg\" title=\"Foto: Marko Hellwig\"><img decoding=\"async\" width=\"128\" src=\"http:\/\/www.schoene-nachrichten.de\/wp-content\/uploads\/2007\/08\/070824_Rallye_11.thumbnail.jpg\" alt=\"070824_Rallye_11.jpg\" \/><\/a>\u00c2\u00a0<a rel=\"lightbox[roadtrip]\" target=\"_blank\" href=\"http:\/\/www.schoene-nachrichten.de\/wp-content\/uploads\/2007\/08\/070824_Rallye_40.jpg\" title=\"Foto: Marko Hellwig\"><img decoding=\"async\" width=\"128\" src=\"http:\/\/www.schoene-nachrichten.de\/wp-content\/uploads\/2007\/08\/070824_Rallye_40.thumbnail.jpg\" alt=\"070824_Rallye_40.jpg\" \/><\/a> <a rel=\"lightbox[roadtrip]\" target=\"_blank\" href=\"http:\/\/www.schoene-nachrichten.de\/wp-content\/uploads\/2007\/08\/070824_Rallye_41.jpg\" title=\"Foto: Marko Hellwig\"><img decoding=\"async\" width=\"128\" src=\"http:\/\/www.schoene-nachrichten.de\/wp-content\/uploads\/2007\/08\/070824_Rallye_41.thumbnail.jpg\" alt=\"070824_Rallye_41.jpg\" \/><\/a><\/p>\n<p>Auch die Deutsche Rallyemeisterschaft ist\u00c2\u00a0zur\u00fcck gekehrt. Auf der Rallye Deutschland wurde\u00c2\u00a0ein Lauf zur Deutschen Rallye Meisterschaft ausgetragen. Insgesamt werden 5 L\u00e4ufe gefahren (Vogelsberg, Sachsen, Saarland, Lausitz und die Deutschlandrallye). F\u00fcr die Teams der DRM hie\u00df\u00c2\u00a0es, dass sie sich direkt mit den Teams der WM messen konnten. Die DRM konnte gleich zwei mal punkten, da die Veranstaltung in zwei Wertungsl\u00e4ufe geteilt wurde. Weniger\u00c2\u00a0erfreulich gelaufen ist es f\u00fcr die beiden Titel Aspiranten Hermann Gassner\u00c2\u00a0(Mitsubishi Evo) und Sandro Wallenwein (Subaru Impreza).<\/p>\n<p><a rel=\"lightbox[roadtrip]\" target=\"_blank\" href=\"http:\/\/www.schoene-nachrichten.de\/wp-content\/uploads\/2007\/08\/070824_Rallye_46.jpg\" title=\"Foto: Marko Hellwig\"><img decoding=\"async\" width=\"128\" src=\"http:\/\/www.schoene-nachrichten.de\/wp-content\/uploads\/2007\/08\/070824_Rallye_46.thumbnail.jpg\" alt=\"070824_Rallye_46.jpg\" \/><\/a> <a rel=\"lightbox[roadtrip]\" target=\"_blank\" href=\"http:\/\/www.schoene-nachrichten.de\/wp-content\/uploads\/2007\/08\/070824_Rallye_47.jpg\" title=\"Foto: Marko Hellwig\"><img decoding=\"async\" width=\"128\" src=\"http:\/\/www.schoene-nachrichten.de\/wp-content\/uploads\/2007\/08\/070824_Rallye_47.thumbnail.jpg\" alt=\"070824_Rallye_47.jpg\" \/><\/a> <a rel=\"lightbox[roadtrip]\" target=\"_blank\" href=\"http:\/\/www.schoene-nachrichten.de\/wp-content\/uploads\/2007\/08\/070824_Rallye_48.jpg\" title=\"Foto: Marko Hellwig\"><img decoding=\"async\" width=\"128\" src=\"http:\/\/www.schoene-nachrichten.de\/wp-content\/uploads\/2007\/08\/070824_Rallye_48.thumbnail.jpg\" alt=\"070824_Rallye_48.jpg\" \/><\/a><\/p>\n<p>\u00c2\u00a0Gassner demolierte am Freitag seinen Evo an einem Betonpfosten, der sich in einem\u00c2\u00a0Notausgang befand, und verlor damit viel Zeit -\u00c2\u00a0genau wie Wallenwein, der durch einen Fahrfehler \u00fcber\u00c2\u00a0vier Minuten auf die Spitze verlor. Des einen Leid, des anderen Freud: So konnte Tim Stebani auf dem Opel Corsa Super 1600 seinen ersten DRM-Lauf gewinnen. Am darauf folgenden Samstag ging der Sieg\u00c2\u00a0erneut an einen Opel-Piloten, der kein geringerer als Markus Fahrner im Corsa Super 1600 war. Die Dieselklasse gewann der Saarl\u00e4nder Patrick Anglade auf einem Opel Astra GTC TDI.<\/p>\n<p><a rel=\"lightbox[roadtrip]\" target=\"_blank\" href=\"http:\/\/www.schoene-nachrichten.de\/wp-content\/uploads\/2007\/08\/070824_Rallye_49.jpg\" title=\"Foto: Marko Hellwig\"><img decoding=\"async\" width=\"128\" src=\"http:\/\/www.schoene-nachrichten.de\/wp-content\/uploads\/2007\/08\/070824_Rallye_49.thumbnail.jpg\" alt=\"070824_Rallye_49.jpg\" \/><\/a> <a rel=\"lightbox[roadtrip]\" target=\"_blank\" href=\"http:\/\/www.schoene-nachrichten.de\/wp-content\/uploads\/2007\/08\/070824_Rallye_50.jpg\" title=\"Foto: Marko Hellwig\"><img decoding=\"async\" width=\"128\" src=\"http:\/\/www.schoene-nachrichten.de\/wp-content\/uploads\/2007\/08\/070824_Rallye_50.thumbnail.jpg\" alt=\"070824_Rallye_50.jpg\" \/><\/a> <a rel=\"lightbox[roadtrip]\" target=\"_blank\" href=\"http:\/\/www.schoene-nachrichten.de\/wp-content\/uploads\/2007\/08\/070824_Rallye_51.jpg\" title=\"Foto: Marko Hellwig\"><img decoding=\"async\" width=\"128\" src=\"http:\/\/www.schoene-nachrichten.de\/wp-content\/uploads\/2007\/08\/070824_Rallye_51.thumbnail.jpg\" alt=\"070824_Rallye_51.jpg\" \/><\/a><\/p>\n<p>Das Gesamtergebnis w\u00e4re sicherlich nicht so ausgefallen, wenn Olaf\u00c2\u00a0 Dobberkau und Anton Werner (beide\u00c2\u00a0Porsche GT 2) nicht schon im Voraus von der Wertung ausgeschlossen worden w\u00e4ren, da auf einem WM Lauf laut FIA keine GT-Wagen zugelassen sind. Ihnen wurde zwar angeboten ohne Wertung hinter dem letzten Fahrzeug her zu fahren, was beide aber verst\u00e4ndlicher Weise ablehnten.<\/p>\n<p><a rel=\"lightbox[roadtrip]\" target=\"_blank\" href=\"http:\/\/www.schoene-nachrichten.de\/wp-content\/uploads\/2007\/08\/070824_Rallye_58.jpg\" title=\"Foto: Marko Hellwig\"><img decoding=\"async\" width=\"128\" src=\"http:\/\/www.schoene-nachrichten.de\/wp-content\/uploads\/2007\/08\/070824_Rallye_58.thumbnail.jpg\" alt=\"070824_Rallye_58.jpg\" \/><\/a> <a rel=\"lightbox[roadtrip]\" target=\"_blank\" href=\"http:\/\/www.schoene-nachrichten.de\/wp-content\/uploads\/2007\/08\/070824_Rallye_59.jpg\" title=\"Foto: Marko Hellwig\"><img decoding=\"async\" width=\"128\" src=\"http:\/\/www.schoene-nachrichten.de\/wp-content\/uploads\/2007\/08\/070824_Rallye_59.thumbnail.jpg\" alt=\"070824_Rallye_59.jpg\" \/><\/a> <a rel=\"lightbox[roadtrip]\" target=\"_blank\" href=\"http:\/\/www.schoene-nachrichten.de\/wp-content\/uploads\/2007\/08\/070824_Rallye_60.jpg\" title=\"Foto: Marko Hellwig\"><img decoding=\"async\" width=\"128\" src=\"http:\/\/www.schoene-nachrichten.de\/wp-content\/uploads\/2007\/08\/070824_Rallye_60.thumbnail.jpg\" alt=\"070824_Rallye_60.jpg\" \/><\/a><\/p>\n<p>Alles in allem war die ADAC Rallye Deutschland eine sehr gut organisierte und durchdachte Veranstaltung.\u00c2\u00a0Zuschauer,\u00c2\u00a0Fahrer, Presse und alle anderen Fans\u00c2\u00a0hoffen, dass der WM-Lauf in Deutschland nicht der K\u00fcrzung der FIA f\u00fcr den WM Kalender 2008 zum Opfer f\u00e4llt. Daf\u00fcr m\u00fcssen sich aber auch die Verantwortlichen der Automobilclubs\u00c2\u00a0bem\u00fchen und unter anderem\u00c2\u00a0f\u00fcr den Lauf in 2008 einen Fernsehsender finden, der die Veranstaltung \u00fcbertr\u00e4gt und kommentiert oder\u00c2\u00a0zus\u00e4tzlich einige\u00c2\u00a0Wertungen f\u00fcr andere europ\u00e4ische L\u00e4ufe\u00c2\u00a0anbieten.<\/p>\n","protected":false},"excerpt":{"rendered":"<div class=\"tmnf_excerpt\"><p>Motorsport in\u00c2\u00a0Trier. Wie stolz sind alle deutschen Rallyefans auf das Pr\u00e4dikat\u00c2\u00a0&#8220;Weltmeisterschaftslauf&#8221;. Es\u00c2\u00a0war bereits das\u00c2\u00a0sechste Jahr, in dem es am vergangenen Wochenende auf Strecken wie\u00c2\u00a0&#8220;Sch\u00f6nes Moselland&#8221;, &#8220;Erzweiler&#8221;, &#8220;Dhrontal&#8221;, &#8220;Bosberg&#8221;\u00c2\u00a0und der legend\u00e4ren Panzerplatte in Baumholder um wichtige Punkte zum Weltmeistertitel ging. Jedoch schienen\u00c2\u00a0deutsche Fernsehsender, ob \u00f6ffentlich rechtlich oder privat,\u00c2\u00a0kein Interesse an der Berichterstattung zu haben. Nur wenige &hellip;<\/p>\n<\/div>","protected":false},"author":1,"featured_media":0,"comment_status":"closed","ping_status":"closed","sticky":false,"template":"","format":"standard","meta":{"footnotes":""},"categories":[1,35,54,46],"tags":[],"class_list":["post-4796","post","type-post","status-publish","format-standard","hentry","category-startseite","category-auto","category-bildergalerien","category-sport"],"_links":{"self":[{"href":"https:\/\/www.fuldaernachrichten.de\/index.php?rest_route=\/wp\/v2\/posts\/4796","targetHints":{"allow":["GET"]}}],"collection":[{"href":"https:\/\/www.fuldaernachrichten.de\/index.php?rest_route=\/wp\/v2\/posts"}],"about":[{"href":"https:\/\/www.fuldaernachrichten.de\/index.php?rest_route=\/wp\/v2\/types\/post"}],"author":[{"embeddable":true,"href":"https:\/\/www.fuldaernachrichten.de\/index.php?rest_route=\/wp\/v2\/users\/1"}],"replies":[{"embeddable":true,"href":"https:\/\/www.fuldaernachrichten.de\/index.php?rest_route=%2Fwp%2Fv2%2Fcomments&post=4796"}],"version-history":[{"count":0,"href":"https:\/\/www.fuldaernachrichten.de\/index.php?rest_route=\/wp\/v2\/posts\/4796\/revisions"}],"wp:attachment":[{"href":"https:\/\/www.fuldaernachrichten.de\/index.php?rest_route=%2Fwp%2Fv2%2Fmedia&parent=4796"}],"wp:term":[{"taxonomy":"category","embeddable":true,"href":"https:\/\/www.fuldaernachrichten.de\/index.php?rest_route=%2Fwp%2Fv2%2Fcategories&post=4796"},{"taxonomy":"post_tag","embeddable":true,"href":"https:\/\/www.fuldaernachrichten.de\/index.php?rest_route=%2Fwp%2Fv2%2Ftags&post=4796"}],"curies":[{"name":"wp","href":"https:\/\/api.w.org\/{rel}","templated":true}]}}